{"id":22975,"date":"2021-10-06T10:40:50","date_gmt":"2021-10-06T10:40:50","guid":{"rendered":"https:\/\/blogdorogeriogomes.com.br\/?p=22975"},"modified":"2021-10-06T11:58:42","modified_gmt":"2021-10-06T11:58:42","slug":"governo-do-ceara-nomeia-247-novos-oficiais-para-a-policia-militar","status":"publish","type":"post","link":"https:\/\/blogdorogeriogomes.com.br\/noticias\/2021\/10\/governo-do-ceara-nomeia-247-novos-oficiais-para-a-policia-militar\/","title":{"rendered":"Governo do Cear\u00e1 nomeia 247 novos oficiais para a Pol\u00edcia Militar"},"content":{"rendered":"\n<p>Novos oficiais passam a compor a Pol\u00edcia Militar do Cear\u00e1. O governador Camilo Santana assinou, nesta ter\u00e7a-feira, dia 5 de outubro, a nomea\u00e7\u00e3o de 247 oficiais que ir\u00e3o compor os quadros da PM. O investimento para aumentar o efetivo com esses novos oficiais ser\u00e1 de mais de R$ 35 milh\u00f5es por ano.<\/p>\n\n\n\n<p>De 2015 at\u00e9 agora, o Governo do Cear\u00e1 refor\u00e7ou o efetivo com a nomea\u00e7\u00e3o de 11 mil profissionais de seguran\u00e7a p\u00fablica, considerando os policiais militares, civis e penais, al\u00e9m de bombeiros militares e profissionais da Per\u00edcia Forense e Sistema Socioeducativo.<\/p>\n\n\n\n<figure class=\"wp-block-image size-large\"><img loading=\"lazy\" decoding=\"async\" width=\"620\" height=\"465\" src=\"https:\/\/blogdorogeriogomes.com.br\/wp-content\/uploads\/2021\/10\/images-53.jpeg\" alt=\"\" class=\"wp-image-22976\" srcset=\"https:\/\/blogdorogeriogomes.com.br\/noticias\/wp-content\/uploads\/2021\/10\/images-53.jpeg 620w, https:\/\/blogdorogeriogomes.com.br\/noticias\/wp-content\/uploads\/2021\/10\/images-53-300x225.jpeg 300w, https:\/\/blogdorogeriogomes.com.br\/noticias\/wp-content\/uploads\/2021\/10\/images-53-400x300.jpeg 400w\" sizes=\"auto, (max-width: 620px) 100vw, 620px\" \/><\/figure>\n","protected":false},"excerpt":{"rendered":"<p>Novos oficiais passam a compor a Pol\u00edcia Militar do Cear\u00e1. O governador Camilo Santana assinou, nesta ter\u00e7a-feira, dia 5 de outubro, a nomea\u00e7\u00e3o de 247 oficiais que ir\u00e3o compor os quadros da PM. O investimento para aumentar o efetivo com esses novos oficiais ser\u00e1 de mais de R$ 35 milh\u00f5es por ano. De 2015 at\u00e9 agora, o Governo do Cear\u00e1 refor\u00e7ou o efetivo com a nomea\u00e7\u00e3o de 11 mil profissionais de seguran\u00e7a p\u00fablica, considerando os policiais militares, civis e&hellip;<\/p>\n","protected":false},"author":1,"featured_media":22976,"comment_status":"open","ping_status":"open","sticky":false,"template":"","format":"standard","meta":{"footnotes":""},"categories":[1],"tags":[],"class_list":["post-22975","post","type-post","status-publish","format-standard","has-post-thumbnail","hentry","category-noticias"],"_links":{"self":[{"href":"https:\/\/blogdorogeriogomes.com.br\/noticias\/wp-json\/wp\/v2\/posts\/22975","targetHints":{"allow":["GET"]}}],"collection":[{"href":"https:\/\/blogdorogeriogomes.com.br\/noticias\/wp-json\/wp\/v2\/posts"}],"about":[{"href":"https:\/\/blogdorogeriogomes.com.br\/noticias\/wp-json\/wp\/v2\/types\/post"}],"author":[{"embeddable":true,"href":"https:\/\/blogdorogeriogomes.com.br\/noticias\/wp-json\/wp\/v2\/users\/1"}],"replies":[{"embeddable":true,"href":"https:\/\/blogdorogeriogomes.com.br\/noticias\/wp-json\/wp\/v2\/comments?post=22975"}],"version-history":[{"count":1,"href":"https:\/\/blogdorogeriogomes.com.br\/noticias\/wp-json\/wp\/v2\/posts\/22975\/revisions"}],"predecessor-version":[{"id":22977,"href":"https:\/\/blogdorogeriogomes.com.br\/noticias\/wp-json\/wp\/v2\/posts\/22975\/revisions\/22977"}],"wp:featuredmedia":[{"embeddable":true,"href":"https:\/\/blogdorogeriogomes.com.br\/noticias\/wp-json\/wp\/v2\/media\/22976"}],"wp:attachment":[{"href":"https:\/\/blogdorogeriogomes.com.br\/noticias\/wp-json\/wp\/v2\/media?parent=22975"}],"wp:term":[{"taxonomy":"category","embeddable":true,"href":"https:\/\/blogdorogeriogomes.com.br\/noticias\/wp-json\/wp\/v2\/categories?post=22975"},{"taxonomy":"post_tag","embeddable":true,"href":"https:\/\/blogdorogeriogomes.com.br\/noticias\/wp-json\/wp\/v2\/tags?post=22975"}],"curies":[{"name":"wp","href":"https:\/\/api.w.org\/{rel}","templated":true}]}}