{"id":22979,"date":"2021-10-06T11:52:19","date_gmt":"2021-10-06T11:52:19","guid":{"rendered":"https:\/\/blogdorogeriogomes.com.br\/?p=22979"},"modified":"2021-10-06T11:58:35","modified_gmt":"2021-10-06T11:58:35","slug":"tse-afasta-prefeito-e-vice-de-vicosa-do-ceara-e-determina-novas-eleicoes","status":"publish","type":"post","link":"https:\/\/blogdorogeriogomes.com.br\/noticias\/2021\/10\/tse-afasta-prefeito-e-vice-de-vicosa-do-ceara-e-determina-novas-eleicoes\/","title":{"rendered":"TSE afasta prefeito e vice de Vi\u00e7osa do Cear\u00e1 e determina novas elei\u00e7\u00f5es"},"content":{"rendered":"\n<p>O Tribunal Superior Eleitoral (TSE) manteve a cassa\u00e7\u00e3o da chapa formada pelo prefeito Z\u00e9 Firmino (MDB) e pelo vice Dr. Marcelo (MDB) por abuso de poder pol\u00edtico e econ\u00f4mico nas elei\u00e7\u00f5es em Vi\u00e7osa do Cear\u00e1. Assim, o TSE determinou a realiza\u00e7\u00e3o de novas elei\u00e7\u00f5es no munic\u00edpio do interior do Cear\u00e1. Prefeito e vice tinham sido condenados pelo&nbsp;Tribunal Regional Eleitoral (TRE) do Cear\u00e1 por abuso de poder pol\u00edtico e econ\u00f4mico no pleito de 2020.<\/p>\n\n\n\n<p>O presidente da C\u00e2mara Municipal de Vi\u00e7osa, vereador Manuel Alves de Sousa, conhecido como&nbsp;Manuel Crente (MDB), deve ser convocado imediatamente para assumir o Executivo municipal at\u00e9 a realiza\u00e7\u00e3o de elei\u00e7\u00f5es suplementares.<\/p>\n\n\n\n<figure class=\"wp-block-image size-large\"><img loading=\"lazy\" decoding=\"async\" width=\"641\" height=\"479\" src=\"https:\/\/blogdorogeriogomes.com.br\/wp-content\/uploads\/2021\/10\/images-54.jpeg\" alt=\"\" class=\"wp-image-22980\" srcset=\"https:\/\/blogdorogeriogomes.com.br\/noticias\/wp-content\/uploads\/2021\/10\/images-54.jpeg 641w, https:\/\/blogdorogeriogomes.com.br\/noticias\/wp-content\/uploads\/2021\/10\/images-54-300x224.jpeg 300w, https:\/\/blogdorogeriogomes.com.br\/noticias\/wp-content\/uploads\/2021\/10\/images-54-400x300.jpeg 400w\" sizes=\"auto, (max-width: 641px) 100vw, 641px\" \/><\/figure>\n","protected":false},"excerpt":{"rendered":"<p>O Tribunal Superior Eleitoral (TSE) manteve a cassa\u00e7\u00e3o da chapa formada pelo prefeito Z\u00e9 Firmino (MDB) e pelo vice Dr. Marcelo (MDB) por abuso de poder pol\u00edtico e econ\u00f4mico nas elei\u00e7\u00f5es em Vi\u00e7osa do Cear\u00e1. Assim, o TSE determinou a realiza\u00e7\u00e3o de novas elei\u00e7\u00f5es no munic\u00edpio do interior do Cear\u00e1. Prefeito e vice tinham sido condenados pelo&nbsp;Tribunal Regional Eleitoral (TRE) do Cear\u00e1 por abuso de poder pol\u00edtico e econ\u00f4mico no pleito de 2020. O presidente da C\u00e2mara Municipal de&hellip;<\/p>\n","protected":false},"author":1,"featured_media":22980,"comment_status":"open","ping_status":"open","sticky":false,"template":"","format":"standard","meta":{"footnotes":""},"categories":[1],"tags":[],"class_list":["post-22979","post","type-post","status-publish","format-standard","has-post-thumbnail","hentry","category-noticias"],"_links":{"self":[{"href":"https:\/\/blogdorogeriogomes.com.br\/noticias\/wp-json\/wp\/v2\/posts\/22979","targetHints":{"allow":["GET"]}}],"collection":[{"href":"https:\/\/blogdorogeriogomes.com.br\/noticias\/wp-json\/wp\/v2\/posts"}],"about":[{"href":"https:\/\/blogdorogeriogomes.com.br\/noticias\/wp-json\/wp\/v2\/types\/post"}],"author":[{"embeddable":true,"href":"https:\/\/blogdorogeriogomes.com.br\/noticias\/wp-json\/wp\/v2\/users\/1"}],"replies":[{"embeddable":true,"href":"https:\/\/blogdorogeriogomes.com.br\/noticias\/wp-json\/wp\/v2\/comments?post=22979"}],"version-history":[{"count":2,"href":"https:\/\/blogdorogeriogomes.com.br\/noticias\/wp-json\/wp\/v2\/posts\/22979\/revisions"}],"predecessor-version":[{"id":22982,"href":"https:\/\/blogdorogeriogomes.com.br\/noticias\/wp-json\/wp\/v2\/posts\/22979\/revisions\/22982"}],"wp:featuredmedia":[{"embeddable":true,"href":"https:\/\/blogdorogeriogomes.com.br\/noticias\/wp-json\/wp\/v2\/media\/22980"}],"wp:attachment":[{"href":"https:\/\/blogdorogeriogomes.com.br\/noticias\/wp-json\/wp\/v2\/media?parent=22979"}],"wp:term":[{"taxonomy":"category","embeddable":true,"href":"https:\/\/blogdorogeriogomes.com.br\/noticias\/wp-json\/wp\/v2\/categories?post=22979"},{"taxonomy":"post_tag","embeddable":true,"href":"https:\/\/blogdorogeriogomes.com.br\/noticias\/wp-json\/wp\/v2\/tags?post=22979"}],"curies":[{"name":"wp","href":"https:\/\/api.w.org\/{rel}","templated":true}]}}