{"id":22983,"date":"2021-10-06T21:29:40","date_gmt":"2021-10-06T21:29:40","guid":{"rendered":"https:\/\/blogdorogeriogomes.com.br\/?p=22983"},"modified":"2021-10-07T11:03:38","modified_gmt":"2021-10-07T11:03:38","slug":"prefeito-de-nova-olinda-libera-uso-de-mascaras-em-espacos-publicos-do-municipio-sesa-questiona-a-decisao","status":"publish","type":"post","link":"https:\/\/blogdorogeriogomes.com.br\/noticias\/2021\/10\/prefeito-de-nova-olinda-libera-uso-de-mascaras-em-espacos-publicos-do-municipio-sesa-questiona-a-decisao\/","title":{"rendered":"Prefeito de Nova Olinda libera uso de m\u00e1scaras em espa\u00e7os p\u00fablicos do munic\u00edpio. Sesa questiona a decis\u00e3o"},"content":{"rendered":"\n<p>O prefeito de Nova Olinda, \u00cdtalo Brito, decidiu liberar o uso de m\u00e1scaras em espa\u00e7os p\u00fablicos do munic\u00edpio, localizado a 510km de Fortaleza, na Regi\u00e3o do Cariri. O decreto municipal do prefeito passou a valer a partir desta quarta-feira, dia 6 de outubro, mas j\u00e1 foi questionado pela Secretaria de Sa\u00fade do Cear\u00e1 (Sesa). O Minist\u00e9rio P\u00fablico do Cear\u00e1 (MPCE) deu prazo de 24 horas para que o prefeito do munic\u00edpio de Nova Olinda, \u00cdtalo Brito, revogue o decreto municipal<\/p>\n\n\n\n<p>O enfrentamento \u00e0 pandemia da Covid-19 no Cear\u00e1 \u00e9 regulamentado por lei estadual, aprovada pela Assembleia Legislativa, que determina a responsabilidade do Estado sobre os munic\u00edpios na tomada das medidas sanit\u00e1rias, al\u00e9m de decreto governamental, atualizado quinzenalmente, que tem a primazia de flexibilizar ou n\u00e3o as medidas tomadas, conforme entendimento do Supremo Tribunal Federal (STF).<\/p>\n\n\n\n<p>De acordo com o decreto estadual em vigor, o uso do acess\u00f3rio \u00e9 obrigat\u00f3rio em locais p\u00fablicos em todo o Cear\u00e1. Segundo o prefeito de Nova Olinda, a ideia de liberar a m\u00e1scara em espa\u00e7os p\u00fablicos se deve ao fato de a cidade j\u00e1 ter atingido o percentual de 88,7% da popula\u00e7\u00e3o adulta vacinada com as duas doses.<\/p>\n\n\n\n<p>Especialistas e epidemiologistas avaliam que o momento ainda n\u00e3o \u00e9 para abolir as m\u00e1scaras em nenhum lugar do Pa\u00eds, sob o risco de provocar aumento de casos. O Brasil chega a 600 mil mortos por Covid-19 e h\u00e1 varia\u00e7\u00e3o todos os dias de queda e aumento de casos, de acordo com a situa\u00e7\u00e3o de cada estado. <\/p>\n\n\n\n<figure class=\"wp-block-image size-large\"><img loading=\"lazy\" decoding=\"async\" width=\"678\" height=\"452\" src=\"https:\/\/blogdorogeriogomes.com.br\/wp-content\/uploads\/2021\/10\/images-55.jpeg\" alt=\"\" class=\"wp-image-22984\" srcset=\"https:\/\/blogdorogeriogomes.com.br\/noticias\/wp-content\/uploads\/2021\/10\/images-55.jpeg 678w, https:\/\/blogdorogeriogomes.com.br\/noticias\/wp-content\/uploads\/2021\/10\/images-55-300x200.jpeg 300w\" sizes=\"auto, (max-width: 678px) 100vw, 678px\" \/><\/figure>\n","protected":false},"excerpt":{"rendered":"<p>O prefeito de Nova Olinda, \u00cdtalo Brito, decidiu liberar o uso de m\u00e1scaras em espa\u00e7os p\u00fablicos do munic\u00edpio, localizado a 510km de Fortaleza, na Regi\u00e3o do Cariri. O decreto municipal do prefeito passou a valer a partir desta quarta-feira, dia 6 de outubro, mas j\u00e1 foi questionado pela Secretaria de Sa\u00fade do Cear\u00e1 (Sesa). O Minist\u00e9rio P\u00fablico do Cear\u00e1 (MPCE) deu prazo de 24 horas para que o prefeito do munic\u00edpio de Nova Olinda, \u00cdtalo Brito, revogue o decreto&hellip;<\/p>\n","protected":false},"author":1,"featured_media":22984,"comment_status":"open","ping_status":"open","sticky":false,"template":"","format":"standard","meta":{"footnotes":""},"categories":[1],"tags":[],"class_list":["post-22983","post","type-post","status-publish","format-standard","has-post-thumbnail","hentry","category-noticias"],"_links":{"self":[{"href":"https:\/\/blogdorogeriogomes.com.br\/noticias\/wp-json\/wp\/v2\/posts\/22983","targetHints":{"allow":["GET"]}}],"collection":[{"href":"https:\/\/blogdorogeriogomes.com.br\/noticias\/wp-json\/wp\/v2\/posts"}],"about":[{"href":"https:\/\/blogdorogeriogomes.com.br\/noticias\/wp-json\/wp\/v2\/types\/post"}],"author":[{"embeddable":true,"href":"https:\/\/blogdorogeriogomes.com.br\/noticias\/wp-json\/wp\/v2\/users\/1"}],"replies":[{"embeddable":true,"href":"https:\/\/blogdorogeriogomes.com.br\/noticias\/wp-json\/wp\/v2\/comments?post=22983"}],"version-history":[{"count":2,"href":"https:\/\/blogdorogeriogomes.com.br\/noticias\/wp-json\/wp\/v2\/posts\/22983\/revisions"}],"predecessor-version":[{"id":22986,"href":"https:\/\/blogdorogeriogomes.com.br\/noticias\/wp-json\/wp\/v2\/posts\/22983\/revisions\/22986"}],"wp:featuredmedia":[{"embeddable":true,"href":"https:\/\/blogdorogeriogomes.com.br\/noticias\/wp-json\/wp\/v2\/media\/22984"}],"wp:attachment":[{"href":"https:\/\/blogdorogeriogomes.com.br\/noticias\/wp-json\/wp\/v2\/media?parent=22983"}],"wp:term":[{"taxonomy":"category","embeddable":true,"href":"https:\/\/blogdorogeriogomes.com.br\/noticias\/wp-json\/wp\/v2\/categories?post=22983"},{"taxonomy":"post_tag","embeddable":true,"href":"https:\/\/blogdorogeriogomes.com.br\/noticias\/wp-json\/wp\/v2\/tags?post=22983"}],"curies":[{"name":"wp","href":"https:\/\/api.w.org\/{rel}","templated":true}]}}