{"id":22987,"date":"2021-10-06T21:53:12","date_gmt":"2021-10-06T21:53:12","guid":{"rendered":"https:\/\/blogdorogeriogomes.com.br\/?p=22987"},"modified":"2021-10-07T11:03:29","modified_gmt":"2021-10-07T11:03:29","slug":"centro-de-eventos-recebe-maior-evento-teste-do-ceara-na-area-do-turismo-desde-o-inicio-da-pandemia","status":"publish","type":"post","link":"https:\/\/blogdorogeriogomes.com.br\/noticias\/2021\/10\/centro-de-eventos-recebe-maior-evento-teste-do-ceara-na-area-do-turismo-desde-o-inicio-da-pandemia\/","title":{"rendered":"Centro de Eventos recebe maior evento teste do Cear\u00e1 na \u00e1rea do turismo desde o in\u00edcio da pandemia"},"content":{"rendered":"\n<p>O Centro de Eventos do Cear\u00e1 recebe desta quarta-feira, dia 6 de outubro, at\u00e9 sexta-feira, dia 8, o&nbsp;maior evento-teste j\u00e1 autorizado pela Secretaria estadual da Sa\u00fade (Sesa)&nbsp;durante a pandemia de Covid-19. A 48\u00aa edi\u00e7\u00e3o da ABAV Expo &amp; Collab ocorre de forma h\u00edbrida, com pessoas participando de forma remota e presencial.<\/p>\n\n\n\n<p>Na abertura do evento, o governador Camilo Santana destacou que o momento \u00e9 de retomada e h\u00e1 uma grande preocupa\u00e7\u00e3o no Estado em gerar oportunidades para as pessoas. \u201cAumentou o desemprego do Brasil e o setor de Turismo \u00e9 uma grande estrat\u00e9gia para que a gente possa retomar as oportunidades de empregos e retornamos com for\u00e7a a economia brasileira em um momento t\u00e3o desafiador\u201d, disse o chefe do Executivo estadual.<\/p>\n\n\n\n<p>Para participar presencialmente do evento tur\u00edstico&nbsp;est\u00e1 sendo exigido o comprovante de vacina\u00e7\u00e3o completa h\u00e1 pelo menos 15 dias. O Centro de Eventos est\u00e1 recebendo at\u00e9&nbsp;tr\u00eas mil pessoas presencialmente a cada dia. Para o comando da ABAV &#8211; Associa\u00e7\u00e3o Brasileira de Ag\u00eancias de Viagem, o Cear\u00e1 est\u00e1 sendo protagonista na retomada do turismo.<\/p>\n\n\n\n<figure class=\"wp-block-image size-large\"><img loading=\"lazy\" decoding=\"async\" width=\"818\" height=\"459\" src=\"https:\/\/blogdorogeriogomes.com.br\/wp-content\/uploads\/2021\/10\/1_whatsapp_image_2021_10_06_at_13_09_58-17201017.jpeg\" alt=\"\" class=\"wp-image-22988\" srcset=\"https:\/\/blogdorogeriogomes.com.br\/noticias\/wp-content\/uploads\/2021\/10\/1_whatsapp_image_2021_10_06_at_13_09_58-17201017.jpeg 818w, https:\/\/blogdorogeriogomes.com.br\/noticias\/wp-content\/uploads\/2021\/10\/1_whatsapp_image_2021_10_06_at_13_09_58-17201017-300x168.jpeg 300w, https:\/\/blogdorogeriogomes.com.br\/noticias\/wp-content\/uploads\/2021\/10\/1_whatsapp_image_2021_10_06_at_13_09_58-17201017-768x431.jpeg 768w, https:\/\/blogdorogeriogomes.com.br\/noticias\/wp-content\/uploads\/2021\/10\/1_whatsapp_image_2021_10_06_at_13_09_58-17201017-800x449.jpeg 800w\" sizes=\"auto, (max-width: 818px) 100vw, 818px\" \/><\/figure>\n","protected":false},"excerpt":{"rendered":"<p>O Centro de Eventos do Cear\u00e1 recebe desta quarta-feira, dia 6 de outubro, at\u00e9 sexta-feira, dia 8, o&nbsp;maior evento-teste j\u00e1 autorizado pela Secretaria estadual da Sa\u00fade (Sesa)&nbsp;durante a pandemia de Covid-19. A 48\u00aa edi\u00e7\u00e3o da ABAV Expo &amp; Collab ocorre de forma h\u00edbrida, com pessoas participando de forma remota e presencial. Na abertura do evento, o governador Camilo Santana destacou que o momento \u00e9 de retomada e h\u00e1 uma grande preocupa\u00e7\u00e3o no Estado em gerar oportunidades para as pessoas.&hellip;<\/p>\n","protected":false},"author":1,"featured_media":22988,"comment_status":"open","ping_status":"open","sticky":false,"template":"","format":"standard","meta":{"footnotes":""},"categories":[1],"tags":[],"class_list":["post-22987","post","type-post","status-publish","format-standard","has-post-thumbnail","hentry","category-noticias"],"_links":{"self":[{"href":"https:\/\/blogdorogeriogomes.com.br\/noticias\/wp-json\/wp\/v2\/posts\/22987","targetHints":{"allow":["GET"]}}],"collection":[{"href":"https:\/\/blogdorogeriogomes.com.br\/noticias\/wp-json\/wp\/v2\/posts"}],"about":[{"href":"https:\/\/blogdorogeriogomes.com.br\/noticias\/wp-json\/wp\/v2\/types\/post"}],"author":[{"embeddable":true,"href":"https:\/\/blogdorogeriogomes.com.br\/noticias\/wp-json\/wp\/v2\/users\/1"}],"replies":[{"embeddable":true,"href":"https:\/\/blogdorogeriogomes.com.br\/noticias\/wp-json\/wp\/v2\/comments?post=22987"}],"version-history":[{"count":2,"href":"https:\/\/blogdorogeriogomes.com.br\/noticias\/wp-json\/wp\/v2\/posts\/22987\/revisions"}],"predecessor-version":[{"id":22997,"href":"https:\/\/blogdorogeriogomes.com.br\/noticias\/wp-json\/wp\/v2\/posts\/22987\/revisions\/22997"}],"wp:featuredmedia":[{"embeddable":true,"href":"https:\/\/blogdorogeriogomes.com.br\/noticias\/wp-json\/wp\/v2\/media\/22988"}],"wp:attachment":[{"href":"https:\/\/blogdorogeriogomes.com.br\/noticias\/wp-json\/wp\/v2\/media?parent=22987"}],"wp:term":[{"taxonomy":"category","embeddable":true,"href":"https:\/\/blogdorogeriogomes.com.br\/noticias\/wp-json\/wp\/v2\/categories?post=22987"},{"taxonomy":"post_tag","embeddable":true,"href":"https:\/\/blogdorogeriogomes.com.br\/noticias\/wp-json\/wp\/v2\/tags?post=22987"}],"curies":[{"name":"wp","href":"https:\/\/api.w.org\/{rel}","templated":true}]}}