{"id":23001,"date":"2021-10-07T23:30:39","date_gmt":"2021-10-07T23:30:39","guid":{"rendered":"https:\/\/blogdorogeriogomes.com.br\/?p=23001"},"modified":"2021-10-08T10:07:54","modified_gmt":"2021-10-08T10:07:54","slug":"ministro-marcelo-queiroga-vai-prestar-terceiro-depoimento-na-cpi-da-covid-no-dia-18-de-outubro","status":"publish","type":"post","link":"https:\/\/blogdorogeriogomes.com.br\/noticias\/2021\/10\/ministro-marcelo-queiroga-vai-prestar-terceiro-depoimento-na-cpi-da-covid-no-dia-18-de-outubro\/","title":{"rendered":"Ministro Marcelo Queiroga vai prestar terceiro depoimento na CPI da Covid no dia 18 de outubro"},"content":{"rendered":"\n<p>O ministro da Sa\u00fade, Marcelo Queiroga, foi convocado para prestar o terceiro depoimento \u00e0 CPI da Covid, no Senado Federal, no pr\u00f3ximo dia 18 de outubro. Ser\u00e1 um dia antes da leitura do relat\u00f3rio final na comiss\u00e3o. Queiroga nem ia mais ser convocado, mas os senadores mudaram de ideia por causa do adiamento pelo Minist\u00e9rio da Sa\u00fade da vota\u00e7\u00e3o de relat\u00f3rio t\u00e9cnico que rejeita o tratamento precoce contra Covid-19 com rem\u00e9dios do &#8220;kit covid&#8221;, j\u00e1 comprovados cientificamente como ineficazes. O relat\u00f3rio foi elaborado pelo Conitec (Comiss\u00e3o Nacional de Incorpora\u00e7\u00e3o de Tecnologias no Sistema \u00danico de Sa\u00fade), um conselho consultivo do Minist\u00e9rio formado por especialistas.<\/p>\n\n\n\n<p>Segundo o vice-presidente da CPI, senador Randolfe Rodrigues, a reuni\u00e3o do Conitec que iria aprovar o relat\u00f3rio contra o chamado tratamento precoce foi cancelada por determina\u00e7\u00e3o do presidente Jair Bolsonaro, nesta quinta-feira, dia 7 de outubro. O teor do documento contraria a defesa insistente de Bolsonaro do chamado tratamento precoce contra Covid-19. Queiroga ser\u00e1 questionado na CPI pela decis\u00e3o de tirar de pauta a vota\u00e7\u00e3o do relat\u00f3rio t\u00e9cnico do Conitec.<\/p>\n\n\n\n<p>Cada vez mais o ministro da Sa\u00fade, Marcelo Queiroga, se complica nas apura\u00e7\u00f5es dos desmandos da pandemia para agradar ao presidente Jair Bolsonaro. Apesar de m\u00e9dico, Queiroga tem deixado a Ci\u00eancia de lado para acomodar os interesses pol\u00edticos do Governo e se manter no cargo de ministro.<\/p>\n\n\n\n<figure class=\"wp-block-image size-large\"><img loading=\"lazy\" decoding=\"async\" width=\"676\" height=\"450\" src=\"https:\/\/blogdorogeriogomes.com.br\/wp-content\/uploads\/2021\/10\/images-59.jpeg\" alt=\"\" class=\"wp-image-23002\" srcset=\"https:\/\/blogdorogeriogomes.com.br\/noticias\/wp-content\/uploads\/2021\/10\/images-59.jpeg 676w, https:\/\/blogdorogeriogomes.com.br\/noticias\/wp-content\/uploads\/2021\/10\/images-59-300x200.jpeg 300w\" sizes=\"auto, (max-width: 676px) 100vw, 676px\" \/><\/figure>\n\n\n\n<p><br><\/p>\n","protected":false},"excerpt":{"rendered":"<p>O ministro da Sa\u00fade, Marcelo Queiroga, foi convocado para prestar o terceiro depoimento \u00e0 CPI da Covid, no Senado Federal, no pr\u00f3ximo dia 18 de outubro. Ser\u00e1 um dia antes da leitura do relat\u00f3rio final na comiss\u00e3o. Queiroga nem ia mais ser convocado, mas os senadores mudaram de ideia por causa do adiamento pelo Minist\u00e9rio da Sa\u00fade da vota\u00e7\u00e3o de relat\u00f3rio t\u00e9cnico que rejeita o tratamento precoce contra Covid-19 com rem\u00e9dios do &#8220;kit covid&#8221;, j\u00e1 comprovados cientificamente como ineficazes.&hellip;<\/p>\n","protected":false},"author":1,"featured_media":23002,"comment_status":"open","ping_status":"open","sticky":false,"template":"","format":"standard","meta":{"footnotes":""},"categories":[1],"tags":[],"class_list":["post-23001","post","type-post","status-publish","format-standard","has-post-thumbnail","hentry","category-noticias"],"_links":{"self":[{"href":"https:\/\/blogdorogeriogomes.com.br\/noticias\/wp-json\/wp\/v2\/posts\/23001","targetHints":{"allow":["GET"]}}],"collection":[{"href":"https:\/\/blogdorogeriogomes.com.br\/noticias\/wp-json\/wp\/v2\/posts"}],"about":[{"href":"https:\/\/blogdorogeriogomes.com.br\/noticias\/wp-json\/wp\/v2\/types\/post"}],"author":[{"embeddable":true,"href":"https:\/\/blogdorogeriogomes.com.br\/noticias\/wp-json\/wp\/v2\/users\/1"}],"replies":[{"embeddable":true,"href":"https:\/\/blogdorogeriogomes.com.br\/noticias\/wp-json\/wp\/v2\/comments?post=23001"}],"version-history":[{"count":1,"href":"https:\/\/blogdorogeriogomes.com.br\/noticias\/wp-json\/wp\/v2\/posts\/23001\/revisions"}],"predecessor-version":[{"id":23003,"href":"https:\/\/blogdorogeriogomes.com.br\/noticias\/wp-json\/wp\/v2\/posts\/23001\/revisions\/23003"}],"wp:featuredmedia":[{"embeddable":true,"href":"https:\/\/blogdorogeriogomes.com.br\/noticias\/wp-json\/wp\/v2\/media\/23002"}],"wp:attachment":[{"href":"https:\/\/blogdorogeriogomes.com.br\/noticias\/wp-json\/wp\/v2\/media?parent=23001"}],"wp:term":[{"taxonomy":"category","embeddable":true,"href":"https:\/\/blogdorogeriogomes.com.br\/noticias\/wp-json\/wp\/v2\/categories?post=23001"},{"taxonomy":"post_tag","embeddable":true,"href":"https:\/\/blogdorogeriogomes.com.br\/noticias\/wp-json\/wp\/v2\/tags?post=23001"}],"curies":[{"name":"wp","href":"https:\/\/api.w.org\/{rel}","templated":true}]}}