{"id":23007,"date":"2021-10-08T10:40:23","date_gmt":"2021-10-08T10:40:23","guid":{"rendered":"https:\/\/blogdorogeriogomes.com.br\/?p=23007"},"modified":"2021-10-08T13:51:19","modified_gmt":"2021-10-08T13:51:19","slug":"incendio-em-patio-do-detran-no-ceara-atinge-cerca-de-30-carros-que-estao-sob-judice","status":"publish","type":"post","link":"https:\/\/blogdorogeriogomes.com.br\/noticias\/2021\/10\/incendio-em-patio-do-detran-no-ceara-atinge-cerca-de-30-carros-que-estao-sob-judice\/","title":{"rendered":"Inc\u00eandio em p\u00e1tio do Detran no Cear\u00e1 atinge cerca de 30 carros que est\u00e3o sob judice"},"content":{"rendered":"\n<p>Cerca de 30 ve\u00edculos, que est\u00e3o sob judice, foram atingidos por um inc\u00eandio registrado na noite, desta quinta-feira, dia 7 de outubro, no p\u00e1tio do Detran-CE, no bairro Maraponga, em Fortaleza. O fogo foi controlado pelo Corpo de Bombeiros e n\u00e3o houve feridos.<\/p>\n\n\n\n<p>A dire\u00e7\u00e3o do Detran comunicou que vai aguardar o trabalho da per\u00edcia para investigar as causas do inc\u00eandio e encaminhar o caso \u00e0 Pol\u00edcia Civil para o procedimento de investiga\u00e7\u00e3o.<\/p>\n\n\n\n<figure class=\"wp-block-image size-large\"><img loading=\"lazy\" decoding=\"async\" width=\"818\" height=\"459\" src=\"https:\/\/blogdorogeriogomes.com.br\/wp-content\/uploads\/2021\/10\/1_incendio_detran_ce-17214867.jpeg\" alt=\"\" class=\"wp-image-23008\" srcset=\"https:\/\/blogdorogeriogomes.com.br\/noticias\/wp-content\/uploads\/2021\/10\/1_incendio_detran_ce-17214867.jpeg 818w, https:\/\/blogdorogeriogomes.com.br\/noticias\/wp-content\/uploads\/2021\/10\/1_incendio_detran_ce-17214867-300x168.jpeg 300w, https:\/\/blogdorogeriogomes.com.br\/noticias\/wp-content\/uploads\/2021\/10\/1_incendio_detran_ce-17214867-768x431.jpeg 768w, https:\/\/blogdorogeriogomes.com.br\/noticias\/wp-content\/uploads\/2021\/10\/1_incendio_detran_ce-17214867-800x449.jpeg 800w\" sizes=\"auto, (max-width: 818px) 100vw, 818px\" \/><\/figure>\n","protected":false},"excerpt":{"rendered":"<p>Cerca de 30 ve\u00edculos, que est\u00e3o sob judice, foram atingidos por um inc\u00eandio registrado na noite, desta quinta-feira, dia 7 de outubro, no p\u00e1tio do Detran-CE, no bairro Maraponga, em Fortaleza. O fogo foi controlado pelo Corpo de Bombeiros e n\u00e3o houve feridos. A dire\u00e7\u00e3o do Detran comunicou que vai aguardar o trabalho da per\u00edcia para investigar as causas do inc\u00eandio e encaminhar o caso \u00e0 Pol\u00edcia Civil para o procedimento de investiga\u00e7\u00e3o.<\/p>\n","protected":false},"author":1,"featured_media":23008,"comment_status":"open","ping_status":"open","sticky":false,"template":"","format":"standard","meta":{"footnotes":""},"categories":[1],"tags":[],"class_list":["post-23007","post","type-post","status-publish","format-standard","has-post-thumbnail","hentry","category-noticias"],"_links":{"self":[{"href":"https:\/\/blogdorogeriogomes.com.br\/noticias\/wp-json\/wp\/v2\/posts\/23007","targetHints":{"allow":["GET"]}}],"collection":[{"href":"https:\/\/blogdorogeriogomes.com.br\/noticias\/wp-json\/wp\/v2\/posts"}],"about":[{"href":"https:\/\/blogdorogeriogomes.com.br\/noticias\/wp-json\/wp\/v2\/types\/post"}],"author":[{"embeddable":true,"href":"https:\/\/blogdorogeriogomes.com.br\/noticias\/wp-json\/wp\/v2\/users\/1"}],"replies":[{"embeddable":true,"href":"https:\/\/blogdorogeriogomes.com.br\/noticias\/wp-json\/wp\/v2\/comments?post=23007"}],"version-history":[{"count":1,"href":"https:\/\/blogdorogeriogomes.com.br\/noticias\/wp-json\/wp\/v2\/posts\/23007\/revisions"}],"predecessor-version":[{"id":23009,"href":"https:\/\/blogdorogeriogomes.com.br\/noticias\/wp-json\/wp\/v2\/posts\/23007\/revisions\/23009"}],"wp:featuredmedia":[{"embeddable":true,"href":"https:\/\/blogdorogeriogomes.com.br\/noticias\/wp-json\/wp\/v2\/media\/23008"}],"wp:attachment":[{"href":"https:\/\/blogdorogeriogomes.com.br\/noticias\/wp-json\/wp\/v2\/media?parent=23007"}],"wp:term":[{"taxonomy":"category","embeddable":true,"href":"https:\/\/blogdorogeriogomes.com.br\/noticias\/wp-json\/wp\/v2\/categories?post=23007"},{"taxonomy":"post_tag","embeddable":true,"href":"https:\/\/blogdorogeriogomes.com.br\/noticias\/wp-json\/wp\/v2\/tags?post=23007"}],"curies":[{"name":"wp","href":"https:\/\/api.w.org\/{rel}","templated":true}]}}