{"id":23015,"date":"2021-10-08T19:22:26","date_gmt":"2021-10-08T19:22:26","guid":{"rendered":"https:\/\/blogdorogeriogomes.com.br\/?p=23015"},"modified":"2021-10-10T21:42:02","modified_gmt":"2021-10-10T21:42:02","slug":"brasil-atinge-600-mil-mortes-por-covid-19-em-meio-a-desaceleracao-da-pandemia-desafio-e-continuar-vacinando","status":"publish","type":"post","link":"https:\/\/blogdorogeriogomes.com.br\/noticias\/2021\/10\/brasil-atinge-600-mil-mortes-por-covid-19-em-meio-a-desaceleracao-da-pandemia-desafio-e-continuar-vacinando\/","title":{"rendered":"Brasil atinge 600 mil mortes por Covid-19 em meio a desacelera\u00e7\u00e3o da pandemia. Desafio \u00e9 continuar vacinando"},"content":{"rendered":"\n<p>O Brasil superou nesta sexta-feira, dia 8 de outubro, a marca de 600 mil mortos por Covid-19, num momento em que a pandemia desacelera em todos os estados. Para os especialistas, o avan\u00e7o na vacina\u00e7\u00e3o \u00e9 o principal fator para a queda no n\u00famero de casos. A m\u00e9dia de mortes di\u00e1rias no Pa\u00eds est\u00e1 em 438, o&nbsp;menor n\u00famero desde novembro do ano passado. No entanto, o&nbsp;Brasil ainda \u00e9 o 3\u00ba pa\u00eds com a maior m\u00e9dia di\u00e1ria de novas mortes, atr\u00e1s apenas de Estados Unidos e R\u00fassia.<\/p>\n\n\n\n<p>O Pa\u00eds j\u00e1 tem 69% da popula\u00e7\u00e3o vacinada com ao menos uma dose e 45% totalmente imunizados. Especialistas alertam que, apesar da redu\u00e7\u00e3o na quantidade di\u00e1ria de mortes por coronav\u00edrus, a pandemia n\u00e3o acabou. O desafio continua sendo avan\u00e7ar mais na vacina\u00e7\u00e3o, inclusive com as doses de refor\u00e7o, e manter alguns protocolos como o uso de m\u00e1scaras.<\/p>\n\n\n\n<p>O ministro da Sa\u00fade, Marcelo Queiroga, talvez n\u00e3o tendo o que dizer desta marca tr\u00e1gica de 600 mil mortos pela pandemia, se pronunciou hoje em viagem a Teresina, no Piau\u00ed, ser &#8220;absolutamente contr\u00e1rio&#8221; a leis que obrigam o uso da m\u00e1scara e da exig\u00eancia do &#8220;passaporte&#8221; de vacina\u00e7\u00e3o. Ou seja, assumiu de vez o discurso negacionista do presidente Jair Bolsonaro.<\/p>\n\n\n\n<figure class=\"wp-block-image size-large\"><img loading=\"lazy\" decoding=\"async\" width=\"450\" height=\"337\" src=\"https:\/\/blogdorogeriogomes.com.br\/wp-content\/uploads\/2021\/10\/images-63.jpeg\" alt=\"\" class=\"wp-image-23016\" srcset=\"https:\/\/blogdorogeriogomes.com.br\/noticias\/wp-content\/uploads\/2021\/10\/images-63.jpeg 450w, https:\/\/blogdorogeriogomes.com.br\/noticias\/wp-content\/uploads\/2021\/10\/images-63-300x225.jpeg 300w, https:\/\/blogdorogeriogomes.com.br\/noticias\/wp-content\/uploads\/2021\/10\/images-63-400x300.jpeg 400w\" sizes=\"auto, (max-width: 450px) 100vw, 450px\" \/><\/figure>\n","protected":false},"excerpt":{"rendered":"<p>O Brasil superou nesta sexta-feira, dia 8 de outubro, a marca de 600 mil mortos por Covid-19, num momento em que a pandemia desacelera em todos os estados. Para os especialistas, o avan\u00e7o na vacina\u00e7\u00e3o \u00e9 o principal fator para a queda no n\u00famero de casos. A m\u00e9dia de mortes di\u00e1rias no Pa\u00eds est\u00e1 em 438, o&nbsp;menor n\u00famero desde novembro do ano passado. No entanto, o&nbsp;Brasil ainda \u00e9 o 3\u00ba pa\u00eds com a maior m\u00e9dia di\u00e1ria de novas mortes,&hellip;<\/p>\n","protected":false},"author":1,"featured_media":23016,"comment_status":"open","ping_status":"open","sticky":false,"template":"","format":"standard","meta":{"footnotes":""},"categories":[1],"tags":[],"class_list":["post-23015","post","type-post","status-publish","format-standard","has-post-thumbnail","hentry","category-noticias"],"_links":{"self":[{"href":"https:\/\/blogdorogeriogomes.com.br\/noticias\/wp-json\/wp\/v2\/posts\/23015","targetHints":{"allow":["GET"]}}],"collection":[{"href":"https:\/\/blogdorogeriogomes.com.br\/noticias\/wp-json\/wp\/v2\/posts"}],"about":[{"href":"https:\/\/blogdorogeriogomes.com.br\/noticias\/wp-json\/wp\/v2\/types\/post"}],"author":[{"embeddable":true,"href":"https:\/\/blogdorogeriogomes.com.br\/noticias\/wp-json\/wp\/v2\/users\/1"}],"replies":[{"embeddable":true,"href":"https:\/\/blogdorogeriogomes.com.br\/noticias\/wp-json\/wp\/v2\/comments?post=23015"}],"version-history":[{"count":2,"href":"https:\/\/blogdorogeriogomes.com.br\/noticias\/wp-json\/wp\/v2\/posts\/23015\/revisions"}],"predecessor-version":[{"id":23018,"href":"https:\/\/blogdorogeriogomes.com.br\/noticias\/wp-json\/wp\/v2\/posts\/23015\/revisions\/23018"}],"wp:featuredmedia":[{"embeddable":true,"href":"https:\/\/blogdorogeriogomes.com.br\/noticias\/wp-json\/wp\/v2\/media\/23016"}],"wp:attachment":[{"href":"https:\/\/blogdorogeriogomes.com.br\/noticias\/wp-json\/wp\/v2\/media?parent=23015"}],"wp:term":[{"taxonomy":"category","embeddable":true,"href":"https:\/\/blogdorogeriogomes.com.br\/noticias\/wp-json\/wp\/v2\/categories?post=23015"},{"taxonomy":"post_tag","embeddable":true,"href":"https:\/\/blogdorogeriogomes.com.br\/noticias\/wp-json\/wp\/v2\/tags?post=23015"}],"curies":[{"name":"wp","href":"https:\/\/api.w.org\/{rel}","templated":true}]}}