{"id":23022,"date":"2021-10-11T13:30:40","date_gmt":"2021-10-11T13:30:40","guid":{"rendered":"https:\/\/blogdorogeriogomes.com.br\/?p=23022"},"modified":"2021-10-11T14:44:59","modified_gmt":"2021-10-11T14:44:59","slug":"fortaleza-se-destaca-na-geracao-de-empregos-entre-as-capitais-do-norte-nordeste-segundo-caged","status":"publish","type":"post","link":"https:\/\/blogdorogeriogomes.com.br\/noticias\/2021\/10\/fortaleza-se-destaca-na-geracao-de-empregos-entre-as-capitais-do-norte-nordeste-segundo-caged\/","title":{"rendered":"Fortaleza se destaca na gera\u00e7\u00e3o de empregos entre as capitais do Norte\/Nordeste, segundo Caged"},"content":{"rendered":"\n<p>Dados do Cadastro Geral de Empregados e Desempregados (Caged) revelam que Fortaleza registrou neste ano de 2021 um saldo de 27.172 vagas de empregos. Foi o melhor resultado entre as capitais do Norte\/Nordeste. O resultado foi anunciado nesta segunda-feira, dia 11 de outubro, pelo prefeito Jos\u00e9 Sarto (PDT), que comemorou os n\u00fameros, mesmo diante das dificuldades de retomada econ\u00f4mica causadas pela pandemia da Covid-19.<\/p>\n\n\n\n<p>Segundo Sarto, o importante \u00e9 gerar novas oportunidades para jovens e adultos. &#8220;Temos trabalhado fortemente em a\u00e7\u00f5es de capacita\u00e7\u00e3o, fizemos pacote de socorro fiscal, estamos investindo em obras em todas as regionais, movimentando a economia e melhorando a qualidade de vida dos fortalezenses&#8221;, disse o prefeito da Capital.<\/p>\n\n\n\n<figure class=\"wp-block-image size-large\"><img loading=\"lazy\" decoding=\"async\" width=\"678\" height=\"452\" src=\"https:\/\/blogdorogeriogomes.com.br\/wp-content\/uploads\/2021\/10\/images-64.jpeg\" alt=\"\" class=\"wp-image-23023\" srcset=\"https:\/\/blogdorogeriogomes.com.br\/noticias\/wp-content\/uploads\/2021\/10\/images-64.jpeg 678w, https:\/\/blogdorogeriogomes.com.br\/noticias\/wp-content\/uploads\/2021\/10\/images-64-300x200.jpeg 300w\" sizes=\"auto, (max-width: 678px) 100vw, 678px\" \/><\/figure>\n","protected":false},"excerpt":{"rendered":"<p>Dados do Cadastro Geral de Empregados e Desempregados (Caged) revelam que Fortaleza registrou neste ano de 2021 um saldo de 27.172 vagas de empregos. Foi o melhor resultado entre as capitais do Norte\/Nordeste. O resultado foi anunciado nesta segunda-feira, dia 11 de outubro, pelo prefeito Jos\u00e9 Sarto (PDT), que comemorou os n\u00fameros, mesmo diante das dificuldades de retomada econ\u00f4mica causadas pela pandemia da Covid-19. Segundo Sarto, o importante \u00e9 gerar novas oportunidades para jovens e adultos. &#8220;Temos trabalhado fortemente&hellip;<\/p>\n","protected":false},"author":1,"featured_media":23023,"comment_status":"open","ping_status":"open","sticky":false,"template":"","format":"standard","meta":{"footnotes":""},"categories":[1],"tags":[],"class_list":["post-23022","post","type-post","status-publish","format-standard","has-post-thumbnail","hentry","category-noticias"],"_links":{"self":[{"href":"https:\/\/blogdorogeriogomes.com.br\/noticias\/wp-json\/wp\/v2\/posts\/23022","targetHints":{"allow":["GET"]}}],"collection":[{"href":"https:\/\/blogdorogeriogomes.com.br\/noticias\/wp-json\/wp\/v2\/posts"}],"about":[{"href":"https:\/\/blogdorogeriogomes.com.br\/noticias\/wp-json\/wp\/v2\/types\/post"}],"author":[{"embeddable":true,"href":"https:\/\/blogdorogeriogomes.com.br\/noticias\/wp-json\/wp\/v2\/users\/1"}],"replies":[{"embeddable":true,"href":"https:\/\/blogdorogeriogomes.com.br\/noticias\/wp-json\/wp\/v2\/comments?post=23022"}],"version-history":[{"count":1,"href":"https:\/\/blogdorogeriogomes.com.br\/noticias\/wp-json\/wp\/v2\/posts\/23022\/revisions"}],"predecessor-version":[{"id":23024,"href":"https:\/\/blogdorogeriogomes.com.br\/noticias\/wp-json\/wp\/v2\/posts\/23022\/revisions\/23024"}],"wp:featuredmedia":[{"embeddable":true,"href":"https:\/\/blogdorogeriogomes.com.br\/noticias\/wp-json\/wp\/v2\/media\/23023"}],"wp:attachment":[{"href":"https:\/\/blogdorogeriogomes.com.br\/noticias\/wp-json\/wp\/v2\/media?parent=23022"}],"wp:term":[{"taxonomy":"category","embeddable":true,"href":"https:\/\/blogdorogeriogomes.com.br\/noticias\/wp-json\/wp\/v2\/categories?post=23022"},{"taxonomy":"post_tag","embeddable":true,"href":"https:\/\/blogdorogeriogomes.com.br\/noticias\/wp-json\/wp\/v2\/tags?post=23022"}],"curies":[{"name":"wp","href":"https:\/\/api.w.org\/{rel}","templated":true}]}}