{"id":23026,"date":"2021-10-13T10:15:59","date_gmt":"2021-10-13T10:15:59","guid":{"rendered":"https:\/\/blogdorogeriogomes.com.br\/?p=23026"},"modified":"2021-10-13T17:51:24","modified_gmt":"2021-10-13T17:51:24","slug":"cpi-da-covid-desiste-de-ouvir-marcelo-queiroga-que-deve-ser-indiciado-em-relatorio","status":"publish","type":"post","link":"https:\/\/blogdorogeriogomes.com.br\/noticias\/2021\/10\/cpi-da-covid-desiste-de-ouvir-marcelo-queiroga-que-deve-ser-indiciado-em-relatorio\/","title":{"rendered":"CPI da Covid desiste de ouvir Marcelo Queiroga, que deve ser indiciado em relat\u00f3rio"},"content":{"rendered":"\n<p>Faltando apenas uma semana para encerrar os trabalhos, a CPI da Covid no Senado Federal n\u00e3o vai mais ouvir o ministro da Sa\u00fade, Marcelo Queiroga. Seria o terceiro depoimento dele \u00e0 comiss\u00e3o. Ap\u00f3s a reuni\u00e3o, a c\u00fapula da CPI avaliou que Queiroga poderia transformar o novo depoimento em &#8220;palanque&#8221; na reta final dos trabalhos.<\/p>\n\n\n\n<p>A expectativa \u00e9 que o relat\u00f3rio do senador Renan Calheiros seja apresentado no dia 19 de outubro e votado no dia seguinte na CPI. O presidente Jair Bolsonaro deve ser indiciado e apontado como um dos principais respons\u00e1veis pelos desmandos na condu\u00e7\u00e3o da pandemia da Covid-19 e na compra de vacinas.<\/p>\n\n\n\n<p>Bolsonaro estar\u00e1 no Cear\u00e1 dia 20, quando o relat\u00f3rio ser\u00e1 votado. Ele vir\u00e1 a Russas anunciar novos projetos h\u00eddricos. As viagens ao Nordeste fazem parte da estrat\u00e9gia de Bolsonaro de tentar recuperar a popularidade na regi\u00e3o, hoje em baixa segundo as pesquisas eleitorais.<\/p>\n\n\n\n<figure class=\"wp-block-image size-large\"><img loading=\"lazy\" decoding=\"async\" width=\"418\" height=\"314\" src=\"https:\/\/blogdorogeriogomes.com.br\/wp-content\/uploads\/2021\/10\/CPI-da-Covid.jpg\" alt=\"\" class=\"wp-image-23027\" srcset=\"https:\/\/blogdorogeriogomes.com.br\/noticias\/wp-content\/uploads\/2021\/10\/CPI-da-Covid.jpg 418w, https:\/\/blogdorogeriogomes.com.br\/noticias\/wp-content\/uploads\/2021\/10\/CPI-da-Covid-300x225.jpg 300w, https:\/\/blogdorogeriogomes.com.br\/noticias\/wp-content\/uploads\/2021\/10\/CPI-da-Covid-400x300.jpg 400w\" sizes=\"auto, (max-width: 418px) 100vw, 418px\" \/><\/figure>\n","protected":false},"excerpt":{"rendered":"<p>Faltando apenas uma semana para encerrar os trabalhos, a CPI da Covid no Senado Federal n\u00e3o vai mais ouvir o ministro da Sa\u00fade, Marcelo Queiroga. Seria o terceiro depoimento dele \u00e0 comiss\u00e3o. Ap\u00f3s a reuni\u00e3o, a c\u00fapula da CPI avaliou que Queiroga poderia transformar o novo depoimento em &#8220;palanque&#8221; na reta final dos trabalhos. A expectativa \u00e9 que o relat\u00f3rio do senador Renan Calheiros seja apresentado no dia 19 de outubro e votado no dia seguinte na CPI. O&hellip;<\/p>\n","protected":false},"author":1,"featured_media":23027,"comment_status":"open","ping_status":"open","sticky":false,"template":"","format":"standard","meta":{"footnotes":""},"categories":[1],"tags":[],"class_list":["post-23026","post","type-post","status-publish","format-standard","has-post-thumbnail","hentry","category-noticias"],"_links":{"self":[{"href":"https:\/\/blogdorogeriogomes.com.br\/noticias\/wp-json\/wp\/v2\/posts\/23026","targetHints":{"allow":["GET"]}}],"collection":[{"href":"https:\/\/blogdorogeriogomes.com.br\/noticias\/wp-json\/wp\/v2\/posts"}],"about":[{"href":"https:\/\/blogdorogeriogomes.com.br\/noticias\/wp-json\/wp\/v2\/types\/post"}],"author":[{"embeddable":true,"href":"https:\/\/blogdorogeriogomes.com.br\/noticias\/wp-json\/wp\/v2\/users\/1"}],"replies":[{"embeddable":true,"href":"https:\/\/blogdorogeriogomes.com.br\/noticias\/wp-json\/wp\/v2\/comments?post=23026"}],"version-history":[{"count":2,"href":"https:\/\/blogdorogeriogomes.com.br\/noticias\/wp-json\/wp\/v2\/posts\/23026\/revisions"}],"predecessor-version":[{"id":23029,"href":"https:\/\/blogdorogeriogomes.com.br\/noticias\/wp-json\/wp\/v2\/posts\/23026\/revisions\/23029"}],"wp:featuredmedia":[{"embeddable":true,"href":"https:\/\/blogdorogeriogomes.com.br\/noticias\/wp-json\/wp\/v2\/media\/23027"}],"wp:attachment":[{"href":"https:\/\/blogdorogeriogomes.com.br\/noticias\/wp-json\/wp\/v2\/media?parent=23026"}],"wp:term":[{"taxonomy":"category","embeddable":true,"href":"https:\/\/blogdorogeriogomes.com.br\/noticias\/wp-json\/wp\/v2\/categories?post=23026"},{"taxonomy":"post_tag","embeddable":true,"href":"https:\/\/blogdorogeriogomes.com.br\/noticias\/wp-json\/wp\/v2\/tags?post=23026"}],"curies":[{"name":"wp","href":"https:\/\/api.w.org\/{rel}","templated":true}]}}