{"id":23033,"date":"2021-10-13T18:11:31","date_gmt":"2021-10-13T18:11:31","guid":{"rendered":"https:\/\/blogdorogeriogomes.com.br\/?p=23033"},"modified":"2021-10-14T11:28:49","modified_gmt":"2021-10-14T11:28:49","slug":"juazeiro-do-norte-recebe-novo-centro-socieoducativo-padre-cicero-nesta-sexta-feira","status":"publish","type":"post","link":"https:\/\/blogdorogeriogomes.com.br\/noticias\/2021\/10\/juazeiro-do-norte-recebe-novo-centro-socieoducativo-padre-cicero-nesta-sexta-feira\/","title":{"rendered":"Juazeiro do Norte recebe novo Centro Socieoducativo Padre C\u00edcero nesta sexta-feira"},"content":{"rendered":"\n<p>A Superintend\u00eancia do Sistema Estadual Socioeducativo (Seas) inaugura nesta sexta-feira, dia 15 de outubro, o Centro Socioeducativo Padre C\u00edcero, em Juazeiro do Norte. Essa \u00e9 a terceira unidade, com espa\u00e7o de 5.928,24m, destinada a adolescentes do sexo masculino em cumprimento de medidas socioeducativas no Cariri. Ao todo, ser\u00e3o 90 vagas dispon\u00edveis no Centro.<\/p>\n\n\n\n<p>A solenidade contar\u00e1 com a presen\u00e7a da vice-governadora, Izolda Cela, do prefeito de Juazeiro do Norte, Gledson Bezerra, do superintendente da Seas, Roberto Bassan e demais autoridades.<\/p>\n\n\n\n<p>O Centro Socioeducativo Padre C\u00edcero atende aos crit\u00e9rios b\u00e1sicos para o funcionamento das atividades conforme orienta\u00e7\u00e3o do Sistema Nacional de Atendimento Socioeducativo (Sinase). De acordo com a arquiteta e coordenadora de infraestrutura da Seas, Bianca Lobo, o projeto apresenta na \u00e1rea interna de muralha, sete blocos de alojamentos independentes, quatro blocos de apoio para adolescentes, com refeit\u00f3rio, oficinas e salas de aula, uma quadra poliesportiva coberta, um campo de futebol e um anfiteatro. Na \u00e1rea externa da muralha, encontram-se o bloco administrativo, o bloco de corpo da guarda e o bloco de oficinas\/empresas.<\/p>\n\n\n\n<p>A primeira zona, administra\u00e7\u00e3o\/\u00e1rea t\u00e9cnica\/visitas, onde os adolescentes s\u00e3o recebidos assim que chegam \u00e0 unidade de interna\u00e7\u00e3o, \u00e9 tamb\u00e9m local onde ocorrem as visitas semanais de seus familiares. Al\u00e9m disso, esta zona compreende as salas t\u00e9cnicas dos profissionais de assist\u00eancia social, pedagogia e advocacia, bem como a \u00e1rea administrativa da unidade, compreendendo secretaria, sala de monitoramento e diretoria. A segunda zona, \u00e1rea m\u00e9dica, compreende: consult\u00f3rio m\u00e9dico, odontol\u00f3gico e psicol\u00f3gico, posto de enfermagem, al\u00e9m de outras \u00e1reas para atendimento dos adolescentes. A terceira zona \u00e9 a servi\u00e7os\/cozinha.<\/p>\n\n\n\n<figure class=\"wp-block-image size-large\"><img loading=\"lazy\" decoding=\"async\" width=\"1024\" height=\"576\" src=\"https:\/\/blogdorogeriogomes.com.br\/wp-content\/uploads\/2021\/10\/IMG-20211012-WA0038-1024x576.jpg\" alt=\"\" class=\"wp-image-23034\" srcset=\"https:\/\/blogdorogeriogomes.com.br\/noticias\/wp-content\/uploads\/2021\/10\/IMG-20211012-WA0038-1024x576.jpg 1024w, https:\/\/blogdorogeriogomes.com.br\/noticias\/wp-content\/uploads\/2021\/10\/IMG-20211012-WA0038-300x169.jpg 300w, https:\/\/blogdorogeriogomes.com.br\/noticias\/wp-content\/uploads\/2021\/10\/IMG-20211012-WA0038-768x432.jpg 768w, https:\/\/blogdorogeriogomes.com.br\/noticias\/wp-content\/uploads\/2021\/10\/IMG-20211012-WA0038-800x450.jpg 800w, https:\/\/blogdorogeriogomes.com.br\/noticias\/wp-content\/uploads\/2021\/10\/IMG-20211012-WA0038.jpg 1280w\" sizes=\"auto, (max-width: 1024px) 100vw, 1024px\" \/><\/figure>\n\n\n\n<p><\/p>\n","protected":false},"excerpt":{"rendered":"<p>A Superintend\u00eancia do Sistema Estadual Socioeducativo (Seas) inaugura nesta sexta-feira, dia 15 de outubro, o Centro Socioeducativo Padre C\u00edcero, em Juazeiro do Norte. Essa \u00e9 a terceira unidade, com espa\u00e7o de 5.928,24m, destinada a adolescentes do sexo masculino em cumprimento de medidas socioeducativas no Cariri. Ao todo, ser\u00e3o 90 vagas dispon\u00edveis no Centro. A solenidade contar\u00e1 com a presen\u00e7a da vice-governadora, Izolda Cela, do prefeito de Juazeiro do Norte, Gledson Bezerra, do superintendente da Seas, Roberto Bassan e demais&hellip;<\/p>\n","protected":false},"author":1,"featured_media":23034,"comment_status":"open","ping_status":"open","sticky":false,"template":"","format":"standard","meta":{"footnotes":""},"categories":[1],"tags":[],"class_list":["post-23033","post","type-post","status-publish","format-standard","has-post-thumbnail","hentry","category-noticias"],"_links":{"self":[{"href":"https:\/\/blogdorogeriogomes.com.br\/noticias\/wp-json\/wp\/v2\/posts\/23033","targetHints":{"allow":["GET"]}}],"collection":[{"href":"https:\/\/blogdorogeriogomes.com.br\/noticias\/wp-json\/wp\/v2\/posts"}],"about":[{"href":"https:\/\/blogdorogeriogomes.com.br\/noticias\/wp-json\/wp\/v2\/types\/post"}],"author":[{"embeddable":true,"href":"https:\/\/blogdorogeriogomes.com.br\/noticias\/wp-json\/wp\/v2\/users\/1"}],"replies":[{"embeddable":true,"href":"https:\/\/blogdorogeriogomes.com.br\/noticias\/wp-json\/wp\/v2\/comments?post=23033"}],"version-history":[{"count":1,"href":"https:\/\/blogdorogeriogomes.com.br\/noticias\/wp-json\/wp\/v2\/posts\/23033\/revisions"}],"predecessor-version":[{"id":23035,"href":"https:\/\/blogdorogeriogomes.com.br\/noticias\/wp-json\/wp\/v2\/posts\/23033\/revisions\/23035"}],"wp:featuredmedia":[{"embeddable":true,"href":"https:\/\/blogdorogeriogomes.com.br\/noticias\/wp-json\/wp\/v2\/media\/23034"}],"wp:attachment":[{"href":"https:\/\/blogdorogeriogomes.com.br\/noticias\/wp-json\/wp\/v2\/media?parent=23033"}],"wp:term":[{"taxonomy":"category","embeddable":true,"href":"https:\/\/blogdorogeriogomes.com.br\/noticias\/wp-json\/wp\/v2\/categories?post=23033"},{"taxonomy":"post_tag","embeddable":true,"href":"https:\/\/blogdorogeriogomes.com.br\/noticias\/wp-json\/wp\/v2\/tags?post=23033"}],"curies":[{"name":"wp","href":"https:\/\/api.w.org\/{rel}","templated":true}]}}