{"id":23042,"date":"2021-10-13T23:03:14","date_gmt":"2021-10-13T23:03:14","guid":{"rendered":"https:\/\/blogdorogeriogomes.com.br\/?p=23042"},"modified":"2021-10-14T11:27:54","modified_gmt":"2021-10-14T11:27:54","slug":"bolsonaro-da-sequencia-a-sua-campanha-anti-vacina-ao-dizer-que-nao-vai-mais-se-imunizar-contra-a-covid-19","status":"publish","type":"post","link":"https:\/\/blogdorogeriogomes.com.br\/noticias\/2021\/10\/bolsonaro-da-sequencia-a-sua-campanha-anti-vacina-ao-dizer-que-nao-vai-mais-se-imunizar-contra-a-covid-19\/","title":{"rendered":"Bolsonaro d\u00e1 sequ\u00eancia \u00e0 sua campanha anti-vacina ao dizer que n\u00e3o vai mais se imunizar contra a Covid-19"},"content":{"rendered":"\n<p>O presidente Jair Bolsonaro d\u00e1 sequ\u00eancia \u00e0 sua campanha anti-vacina contra a Covid-19. No fim de semana que passou foi barrado num jogo do Santos, no litoral paulista, exatamente por n\u00e3o estar imunizado. Nesta quarta-feira, dia 13 de outubro, declarou em entrevista \u00e0 r\u00e1dio Jovem Pan que n\u00e3o vai mais se vacinar como tinha prometido. &#8220;No tocante \u00e0 vacina, eu decidi n\u00e3o tomar mais a vacina, estou vendo novos estudos, a minha imuniza\u00e7\u00e3o est\u00e1 l\u00e1 em cima (&#8230;) para qu\u00ea vou tomar vacina? Seria a mesma coisa de voc\u00ea jogar na loteria 10 reais para ganhar dois. N\u00e3o tem cabimento isso da\u00ed&#8221;,&nbsp;disse o presidente.<\/p>\n\n\n\n<p>Dentro da sua conduta armamentista, Jair Bolsonaro voltou a defender o armamento da popula\u00e7\u00e3o no Brasil e minimizou a posi\u00e7\u00e3o do arcebispo de Aparecida (SP), Dom Orlando Brandes. Ontem, no dia em que o presidente visitou o santu\u00e1rio da cidade para celebrar o dia de Nossa Senhora Aparecida, o religioso afirmou, durante celebra\u00e7\u00e3o de missa, que, para ser p\u00e1tria amada, o Brasil &#8220;n\u00e3o pode ser uma p\u00e1tria armada&#8221;. Tamb\u00e9m criticou a postura anti-vacina do presidente, al\u00e9m da difus\u00e3o de fake news pelo seu governo.<\/p>\n\n\n\n<figure class=\"wp-block-image size-large\"><img loading=\"lazy\" decoding=\"async\" width=\"984\" height=\"656\" src=\"https:\/\/blogdorogeriogomes.com.br\/wp-content\/uploads\/2021\/10\/2021-10-12t203100z-1410385786-rc2f8q95gtei-rtrmadp-3-brazil-religion-virgin.jpg\" alt=\"\" class=\"wp-image-23043\" srcset=\"https:\/\/blogdorogeriogomes.com.br\/noticias\/wp-content\/uploads\/2021\/10\/2021-10-12t203100z-1410385786-rc2f8q95gtei-rtrmadp-3-brazil-religion-virgin.jpg 984w, https:\/\/blogdorogeriogomes.com.br\/noticias\/wp-content\/uploads\/2021\/10\/2021-10-12t203100z-1410385786-rc2f8q95gtei-rtrmadp-3-brazil-religion-virgin-300x200.jpg 300w, https:\/\/blogdorogeriogomes.com.br\/noticias\/wp-content\/uploads\/2021\/10\/2021-10-12t203100z-1410385786-rc2f8q95gtei-rtrmadp-3-brazil-religion-virgin-768x512.jpg 768w, https:\/\/blogdorogeriogomes.com.br\/noticias\/wp-content\/uploads\/2021\/10\/2021-10-12t203100z-1410385786-rc2f8q95gtei-rtrmadp-3-brazil-religion-virgin-800x533.jpg 800w\" sizes=\"auto, (max-width: 984px) 100vw, 984px\" \/><\/figure>\n","protected":false},"excerpt":{"rendered":"<p>O presidente Jair Bolsonaro d\u00e1 sequ\u00eancia \u00e0 sua campanha anti-vacina contra a Covid-19. No fim de semana que passou foi barrado num jogo do Santos, no litoral paulista, exatamente por n\u00e3o estar imunizado. Nesta quarta-feira, dia 13 de outubro, declarou em entrevista \u00e0 r\u00e1dio Jovem Pan que n\u00e3o vai mais se vacinar como tinha prometido. &#8220;No tocante \u00e0 vacina, eu decidi n\u00e3o tomar mais a vacina, estou vendo novos estudos, a minha imuniza\u00e7\u00e3o est\u00e1 l\u00e1 em cima (&#8230;) para&hellip;<\/p>\n","protected":false},"author":1,"featured_media":23043,"comment_status":"open","ping_status":"open","sticky":false,"template":"","format":"standard","meta":{"footnotes":""},"categories":[1],"tags":[],"class_list":["post-23042","post","type-post","status-publish","format-standard","has-post-thumbnail","hentry","category-noticias"],"_links":{"self":[{"href":"https:\/\/blogdorogeriogomes.com.br\/noticias\/wp-json\/wp\/v2\/posts\/23042","targetHints":{"allow":["GET"]}}],"collection":[{"href":"https:\/\/blogdorogeriogomes.com.br\/noticias\/wp-json\/wp\/v2\/posts"}],"about":[{"href":"https:\/\/blogdorogeriogomes.com.br\/noticias\/wp-json\/wp\/v2\/types\/post"}],"author":[{"embeddable":true,"href":"https:\/\/blogdorogeriogomes.com.br\/noticias\/wp-json\/wp\/v2\/users\/1"}],"replies":[{"embeddable":true,"href":"https:\/\/blogdorogeriogomes.com.br\/noticias\/wp-json\/wp\/v2\/comments?post=23042"}],"version-history":[{"count":2,"href":"https:\/\/blogdorogeriogomes.com.br\/noticias\/wp-json\/wp\/v2\/posts\/23042\/revisions"}],"predecessor-version":[{"id":23055,"href":"https:\/\/blogdorogeriogomes.com.br\/noticias\/wp-json\/wp\/v2\/posts\/23042\/revisions\/23055"}],"wp:featuredmedia":[{"embeddable":true,"href":"https:\/\/blogdorogeriogomes.com.br\/noticias\/wp-json\/wp\/v2\/media\/23043"}],"wp:attachment":[{"href":"https:\/\/blogdorogeriogomes.com.br\/noticias\/wp-json\/wp\/v2\/media?parent=23042"}],"wp:term":[{"taxonomy":"category","embeddable":true,"href":"https:\/\/blogdorogeriogomes.com.br\/noticias\/wp-json\/wp\/v2\/categories?post=23042"},{"taxonomy":"post_tag","embeddable":true,"href":"https:\/\/blogdorogeriogomes.com.br\/noticias\/wp-json\/wp\/v2\/tags?post=23042"}],"curies":[{"name":"wp","href":"https:\/\/api.w.org\/{rel}","templated":true}]}}