{"id":23050,"date":"2021-10-14T10:49:02","date_gmt":"2021-10-14T10:49:02","guid":{"rendered":"https:\/\/blogdorogeriogomes.com.br\/?p=23050"},"modified":"2021-10-14T11:27:39","modified_gmt":"2021-10-14T11:27:39","slug":"tres-bairros-de-fortaleza-sao-contemplados-com-complexos-sociais-mais-infancia","status":"publish","type":"post","link":"https:\/\/blogdorogeriogomes.com.br\/noticias\/2021\/10\/tres-bairros-de-fortaleza-sao-contemplados-com-complexos-sociais-mais-infancia\/","title":{"rendered":"Tr\u00eas bairros de Fortaleza s\u00e3o contemplados com Complexos Sociais Mais Inf\u00e2ncia"},"content":{"rendered":"\n<p>O governador do Cear\u00e1, Camilo Santana, e o prefeito de Fortaleza, Jos\u00e9 Sarto, entregaram o primeiro Complexo Mais Inf\u00e2ncia do Cear\u00e1 nesta quarta-feira, dia 13 de outubro, no bairro Jo\u00e3o XXIII, em Fortaleza. Cerca de 800 pessoas devem ser beneficiadas com cursos no complexo, num investimento de R$ 4 milh\u00f5es de reais.<\/p>\n\n\n\n<p>Os bairros Cristo Redentor e Curi\u00f3 tamb\u00e9m foram escolhidos para receber os equipamentos, constru\u00eddos pelo Governo do Estado que fazem parte do programa Mais Inf\u00e2ncia Cear\u00e1 e devem promover atividades educativas e culturais no contraturno escolar para crian\u00e7as e jovens.<\/p>\n\n\n\n<p>Os tr\u00eas bairros foram selecionados devido \u00e0 situa\u00e7\u00e3o de vulnerabilidade socioecon\u00f4mica dos moradores. A unidade do bairro Cristo Redentor deve ser inaugurada no pr\u00f3ximo dia 30 de outubro. A do bairro Curi\u00f3 ainda n\u00e3o tem data definida para ser entregue.<\/p>\n\n\n\n<figure class=\"wp-block-image size-large\"><img loading=\"lazy\" decoding=\"async\" width=\"1024\" height=\"684\" src=\"https:\/\/blogdorogeriogomes.com.br\/wp-content\/uploads\/2021\/10\/211013_COMPLEXO-MAIS-INFANCIA_CGM7018-1200x802-1-1024x684.jpg\" alt=\"\" class=\"wp-image-23051\" srcset=\"https:\/\/blogdorogeriogomes.com.br\/noticias\/wp-content\/uploads\/2021\/10\/211013_COMPLEXO-MAIS-INFANCIA_CGM7018-1200x802-1-1024x684.jpg 1024w, https:\/\/blogdorogeriogomes.com.br\/noticias\/wp-content\/uploads\/2021\/10\/211013_COMPLEXO-MAIS-INFANCIA_CGM7018-1200x802-1-300x201.jpg 300w, https:\/\/blogdorogeriogomes.com.br\/noticias\/wp-content\/uploads\/2021\/10\/211013_COMPLEXO-MAIS-INFANCIA_CGM7018-1200x802-1-768x513.jpg 768w, https:\/\/blogdorogeriogomes.com.br\/noticias\/wp-content\/uploads\/2021\/10\/211013_COMPLEXO-MAIS-INFANCIA_CGM7018-1200x802-1-800x535.jpg 800w, https:\/\/blogdorogeriogomes.com.br\/noticias\/wp-content\/uploads\/2021\/10\/211013_COMPLEXO-MAIS-INFANCIA_CGM7018-1200x802-1.jpg 1200w\" sizes=\"auto, (max-width: 1024px) 100vw, 1024px\" \/><\/figure>\n","protected":false},"excerpt":{"rendered":"<p>O governador do Cear\u00e1, Camilo Santana, e o prefeito de Fortaleza, Jos\u00e9 Sarto, entregaram o primeiro Complexo Mais Inf\u00e2ncia do Cear\u00e1 nesta quarta-feira, dia 13 de outubro, no bairro Jo\u00e3o XXIII, em Fortaleza. Cerca de 800 pessoas devem ser beneficiadas com cursos no complexo, num investimento de R$ 4 milh\u00f5es de reais. Os bairros Cristo Redentor e Curi\u00f3 tamb\u00e9m foram escolhidos para receber os equipamentos, constru\u00eddos pelo Governo do Estado que fazem parte do programa Mais Inf\u00e2ncia Cear\u00e1 e&hellip;<\/p>\n","protected":false},"author":1,"featured_media":23051,"comment_status":"open","ping_status":"open","sticky":false,"template":"","format":"standard","meta":{"footnotes":""},"categories":[1],"tags":[],"class_list":["post-23050","post","type-post","status-publish","format-standard","has-post-thumbnail","hentry","category-noticias"],"_links":{"self":[{"href":"https:\/\/blogdorogeriogomes.com.br\/noticias\/wp-json\/wp\/v2\/posts\/23050","targetHints":{"allow":["GET"]}}],"collection":[{"href":"https:\/\/blogdorogeriogomes.com.br\/noticias\/wp-json\/wp\/v2\/posts"}],"about":[{"href":"https:\/\/blogdorogeriogomes.com.br\/noticias\/wp-json\/wp\/v2\/types\/post"}],"author":[{"embeddable":true,"href":"https:\/\/blogdorogeriogomes.com.br\/noticias\/wp-json\/wp\/v2\/users\/1"}],"replies":[{"embeddable":true,"href":"https:\/\/blogdorogeriogomes.com.br\/noticias\/wp-json\/wp\/v2\/comments?post=23050"}],"version-history":[{"count":2,"href":"https:\/\/blogdorogeriogomes.com.br\/noticias\/wp-json\/wp\/v2\/posts\/23050\/revisions"}],"predecessor-version":[{"id":23054,"href":"https:\/\/blogdorogeriogomes.com.br\/noticias\/wp-json\/wp\/v2\/posts\/23050\/revisions\/23054"}],"wp:featuredmedia":[{"embeddable":true,"href":"https:\/\/blogdorogeriogomes.com.br\/noticias\/wp-json\/wp\/v2\/media\/23051"}],"wp:attachment":[{"href":"https:\/\/blogdorogeriogomes.com.br\/noticias\/wp-json\/wp\/v2\/media?parent=23050"}],"wp:term":[{"taxonomy":"category","embeddable":true,"href":"https:\/\/blogdorogeriogomes.com.br\/noticias\/wp-json\/wp\/v2\/categories?post=23050"},{"taxonomy":"post_tag","embeddable":true,"href":"https:\/\/blogdorogeriogomes.com.br\/noticias\/wp-json\/wp\/v2\/tags?post=23050"}],"curies":[{"name":"wp","href":"https:\/\/api.w.org\/{rel}","templated":true}]}}