{"id":23056,"date":"2021-10-14T20:47:54","date_gmt":"2021-10-14T20:47:54","guid":{"rendered":"https:\/\/blogdorogeriogomes.com.br\/?p=23056"},"modified":"2021-10-15T21:12:46","modified_gmt":"2021-10-15T21:12:46","slug":"governadores-articulam-ofensiva-no-stf-para-barrar-mudanca-na-cobranca-do-icms-proposta-no-congresso","status":"publish","type":"post","link":"https:\/\/blogdorogeriogomes.com.br\/noticias\/2021\/10\/governadores-articulam-ofensiva-no-stf-para-barrar-mudanca-na-cobranca-do-icms-proposta-no-congresso\/","title":{"rendered":"Governadores articulam ofensiva no STF para barrar mudan\u00e7a na cobran\u00e7a do ICMS proposta no Congresso"},"content":{"rendered":"\n<p>Temendo queda nas receitas estaduais, os governadores j\u00e1 articulam uma rea\u00e7\u00e3o no Supremo Tribunal Federal (STF) contra a proposta j\u00e1 aprovada na C\u00e2mara dos Deputados, que muda a regra de cobran\u00e7a do ICMS (Imposto sobre Circula\u00e7\u00e3o de Mercadorias e Servi\u00e7os) nos estados. Articulado pelo presidente da C\u00e2mara, Arthur Lira, os deputados federais aprovaram um projeto que tenta uniformizar a taxa do ICMS em todo o Pa\u00eds. <\/p>\n\n\n\n<p>A medida ainda precisa passar pelo Senado, mas os governadores v\u00e3o argumentar no STF que o Congresso n\u00e3o tem compet\u00eancia para definir as regras do ICMS, um tributo de compet\u00eancia estadual. Ou seja, o STF pode decretar a inconstitucionalidade do projeto.<\/p>\n\n\n\n<p>Segundo um levantamento da Federa\u00e7\u00e3o Brasileira de Associa\u00e7\u00f5es de Fiscais de Tributos Estaduais, a mudan\u00e7a na base de c\u00e1lculo da&nbsp;tributa\u00e7\u00e3o dos combust\u00edveis do ICMS pode gerar uma queda de arrecada\u00e7\u00e3o de cerca de R$ 477 milh\u00f5es de reais s\u00f3 no Cear\u00e1. <\/p>\n\n\n\n<figure class=\"wp-block-image size-large\"><img loading=\"lazy\" decoding=\"async\" width=\"640\" height=\"360\" src=\"https:\/\/blogdorogeriogomes.com.br\/wp-content\/uploads\/2021\/10\/images-66.jpeg\" alt=\"\" class=\"wp-image-23057\" srcset=\"https:\/\/blogdorogeriogomes.com.br\/noticias\/wp-content\/uploads\/2021\/10\/images-66.jpeg 640w, https:\/\/blogdorogeriogomes.com.br\/noticias\/wp-content\/uploads\/2021\/10\/images-66-300x169.jpeg 300w\" sizes=\"auto, (max-width: 640px) 100vw, 640px\" \/><\/figure>\n\n\n\n<p><\/p>\n","protected":false},"excerpt":{"rendered":"<p>Temendo queda nas receitas estaduais, os governadores j\u00e1 articulam uma rea\u00e7\u00e3o no Supremo Tribunal Federal (STF) contra a proposta j\u00e1 aprovada na C\u00e2mara dos Deputados, que muda a regra de cobran\u00e7a do ICMS (Imposto sobre Circula\u00e7\u00e3o de Mercadorias e Servi\u00e7os) nos estados. Articulado pelo presidente da C\u00e2mara, Arthur Lira, os deputados federais aprovaram um projeto que tenta uniformizar a taxa do ICMS em todo o Pa\u00eds. A medida ainda precisa passar pelo Senado, mas os governadores v\u00e3o argumentar no&hellip;<\/p>\n","protected":false},"author":1,"featured_media":23057,"comment_status":"open","ping_status":"open","sticky":false,"template":"","format":"standard","meta":{"footnotes":""},"categories":[1],"tags":[],"class_list":["post-23056","post","type-post","status-publish","format-standard","has-post-thumbnail","hentry","category-noticias"],"_links":{"self":[{"href":"https:\/\/blogdorogeriogomes.com.br\/noticias\/wp-json\/wp\/v2\/posts\/23056","targetHints":{"allow":["GET"]}}],"collection":[{"href":"https:\/\/blogdorogeriogomes.com.br\/noticias\/wp-json\/wp\/v2\/posts"}],"about":[{"href":"https:\/\/blogdorogeriogomes.com.br\/noticias\/wp-json\/wp\/v2\/types\/post"}],"author":[{"embeddable":true,"href":"https:\/\/blogdorogeriogomes.com.br\/noticias\/wp-json\/wp\/v2\/users\/1"}],"replies":[{"embeddable":true,"href":"https:\/\/blogdorogeriogomes.com.br\/noticias\/wp-json\/wp\/v2\/comments?post=23056"}],"version-history":[{"count":2,"href":"https:\/\/blogdorogeriogomes.com.br\/noticias\/wp-json\/wp\/v2\/posts\/23056\/revisions"}],"predecessor-version":[{"id":23075,"href":"https:\/\/blogdorogeriogomes.com.br\/noticias\/wp-json\/wp\/v2\/posts\/23056\/revisions\/23075"}],"wp:featuredmedia":[{"embeddable":true,"href":"https:\/\/blogdorogeriogomes.com.br\/noticias\/wp-json\/wp\/v2\/media\/23057"}],"wp:attachment":[{"href":"https:\/\/blogdorogeriogomes.com.br\/noticias\/wp-json\/wp\/v2\/media?parent=23056"}],"wp:term":[{"taxonomy":"category","embeddable":true,"href":"https:\/\/blogdorogeriogomes.com.br\/noticias\/wp-json\/wp\/v2\/categories?post=23056"},{"taxonomy":"post_tag","embeddable":true,"href":"https:\/\/blogdorogeriogomes.com.br\/noticias\/wp-json\/wp\/v2\/tags?post=23056"}],"curies":[{"name":"wp","href":"https:\/\/api.w.org\/{rel}","templated":true}]}}