{"id":23059,"date":"2021-10-14T23:33:19","date_gmt":"2021-10-14T23:33:19","guid":{"rendered":"https:\/\/blogdorogeriogomes.com.br\/?p=23059"},"modified":"2021-10-15T21:12:38","modified_gmt":"2021-10-15T21:12:38","slug":"governo-do-ceara-propoe-reduzir-recursos-da-funsaude-mas-concurso-publico-esta-assegurado","status":"publish","type":"post","link":"https:\/\/blogdorogeriogomes.com.br\/noticias\/2021\/10\/governo-do-ceara-propoe-reduzir-recursos-da-funsaude-mas-concurso-publico-esta-assegurado\/","title":{"rendered":"Governo do Cear\u00e1 prop\u00f5e reduzir recursos da Funsa\u00fade, mas concurso p\u00fablico est\u00e1 assegurado"},"content":{"rendered":"\n<p>A Funda\u00e7\u00e3o de Sa\u00fade do Cear\u00e1 (Funsa\u00fade)&nbsp;realiza concurso p\u00fablico nos dias 23 e 24 de outubro. Com mais de seis mil vagas e 160 mil inscritos, o&nbsp;certame da Funsa\u00fade oferece cargos de assist\u00eancia \u00e0 sa\u00fade e cargos administrativos de n\u00edvel m\u00e9dio e n\u00edvel superior. Mas o Governo do Cear\u00e1 tenta fazer algumas altera\u00e7\u00f5es na composi\u00e7\u00e3o da Funsa\u00fade, que envolve mudan\u00e7as nas diretrizes da entidade e tamb\u00e9m recursos. As altera\u00e7\u00f5es passam por discuss\u00e3o em regime de urg\u00eancia na Assembleia Legislativa. Nesta quinta-feira, dia 14 de outubro, a proposta entrou em pauta, mas a vota\u00e7\u00e3o sobre o tema ficou para a pr\u00f3xima semana. Deputados estaduais governistas e de oposi\u00e7\u00e3o esquentaram os embates sobre as mudan\u00e7as.<\/p>\n\n\n\n<p>A Funsa\u00fade fica vinculada \u00e0 Secretaria de Sa\u00fade do Estado, o que segundo deputados de oposi\u00e7\u00e3o pode tirar autonomia da entidade. A expectativa \u00e9 que o investimento inicial do Governo Estadual no patrim\u00f4nio da funda\u00e7\u00e3o seja reduzido de R$ 15 milh\u00f5es para R$ 10 milh\u00f5es. A Funsa\u00fade ser\u00e1 respons\u00e1vel pelo gerenciamento de profissionais de sa\u00fade em todas as regi\u00f5es do Estado.<\/p>\n\n\n\n<figure class=\"wp-block-image size-large\"><img loading=\"lazy\" decoding=\"async\" width=\"900\" height=\"600\" src=\"https:\/\/blogdorogeriogomes.com.br\/wp-content\/uploads\/2021\/10\/e3d80f65970c7d9aa705c8c0634a643b_XL.jpg\" alt=\"\" class=\"wp-image-23060\" srcset=\"https:\/\/blogdorogeriogomes.com.br\/noticias\/wp-content\/uploads\/2021\/10\/e3d80f65970c7d9aa705c8c0634a643b_XL.jpg 900w, https:\/\/blogdorogeriogomes.com.br\/noticias\/wp-content\/uploads\/2021\/10\/e3d80f65970c7d9aa705c8c0634a643b_XL-300x200.jpg 300w, https:\/\/blogdorogeriogomes.com.br\/noticias\/wp-content\/uploads\/2021\/10\/e3d80f65970c7d9aa705c8c0634a643b_XL-768x512.jpg 768w, https:\/\/blogdorogeriogomes.com.br\/noticias\/wp-content\/uploads\/2021\/10\/e3d80f65970c7d9aa705c8c0634a643b_XL-800x533.jpg 800w\" sizes=\"auto, (max-width: 900px) 100vw, 900px\" \/><\/figure>\n\n\n\n<p><\/p>\n","protected":false},"excerpt":{"rendered":"<p>A Funda\u00e7\u00e3o de Sa\u00fade do Cear\u00e1 (Funsa\u00fade)&nbsp;realiza concurso p\u00fablico nos dias 23 e 24 de outubro. Com mais de seis mil vagas e 160 mil inscritos, o&nbsp;certame da Funsa\u00fade oferece cargos de assist\u00eancia \u00e0 sa\u00fade e cargos administrativos de n\u00edvel m\u00e9dio e n\u00edvel superior. Mas o Governo do Cear\u00e1 tenta fazer algumas altera\u00e7\u00f5es na composi\u00e7\u00e3o da Funsa\u00fade, que envolve mudan\u00e7as nas diretrizes da entidade e tamb\u00e9m recursos. As altera\u00e7\u00f5es passam por discuss\u00e3o em regime de urg\u00eancia na Assembleia Legislativa.&hellip;<\/p>\n","protected":false},"author":1,"featured_media":23060,"comment_status":"open","ping_status":"open","sticky":false,"template":"","format":"standard","meta":{"footnotes":""},"categories":[1],"tags":[],"class_list":["post-23059","post","type-post","status-publish","format-standard","has-post-thumbnail","hentry","category-noticias"],"_links":{"self":[{"href":"https:\/\/blogdorogeriogomes.com.br\/noticias\/wp-json\/wp\/v2\/posts\/23059","targetHints":{"allow":["GET"]}}],"collection":[{"href":"https:\/\/blogdorogeriogomes.com.br\/noticias\/wp-json\/wp\/v2\/posts"}],"about":[{"href":"https:\/\/blogdorogeriogomes.com.br\/noticias\/wp-json\/wp\/v2\/types\/post"}],"author":[{"embeddable":true,"href":"https:\/\/blogdorogeriogomes.com.br\/noticias\/wp-json\/wp\/v2\/users\/1"}],"replies":[{"embeddable":true,"href":"https:\/\/blogdorogeriogomes.com.br\/noticias\/wp-json\/wp\/v2\/comments?post=23059"}],"version-history":[{"count":2,"href":"https:\/\/blogdorogeriogomes.com.br\/noticias\/wp-json\/wp\/v2\/posts\/23059\/revisions"}],"predecessor-version":[{"id":23074,"href":"https:\/\/blogdorogeriogomes.com.br\/noticias\/wp-json\/wp\/v2\/posts\/23059\/revisions\/23074"}],"wp:featuredmedia":[{"embeddable":true,"href":"https:\/\/blogdorogeriogomes.com.br\/noticias\/wp-json\/wp\/v2\/media\/23060"}],"wp:attachment":[{"href":"https:\/\/blogdorogeriogomes.com.br\/noticias\/wp-json\/wp\/v2\/media?parent=23059"}],"wp:term":[{"taxonomy":"category","embeddable":true,"href":"https:\/\/blogdorogeriogomes.com.br\/noticias\/wp-json\/wp\/v2\/categories?post=23059"},{"taxonomy":"post_tag","embeddable":true,"href":"https:\/\/blogdorogeriogomes.com.br\/noticias\/wp-json\/wp\/v2\/tags?post=23059"}],"curies":[{"name":"wp","href":"https:\/\/api.w.org\/{rel}","templated":true}]}}