{"id":23062,"date":"2021-10-15T10:52:00","date_gmt":"2021-10-15T10:52:00","guid":{"rendered":"https:\/\/blogdorogeriogomes.com.br\/?p=23062"},"modified":"2021-10-15T21:12:30","modified_gmt":"2021-10-15T21:12:30","slug":"onibus-da-cruz-vermelha-ajuda-a-intensificar-vacinacao-na-periferia-de-fortaleza","status":"publish","type":"post","link":"https:\/\/blogdorogeriogomes.com.br\/noticias\/2021\/10\/onibus-da-cruz-vermelha-ajuda-a-intensificar-vacinacao-na-periferia-de-fortaleza\/","title":{"rendered":"\u00d4nibus da Cruz Vermelha ajuda a intensificar vacina\u00e7\u00e3o na periferia de Fortaleza"},"content":{"rendered":"\n<p>O \u00f4nibus da vacina da Cruz Vermelha Brasileira est\u00e1 ajudando a intensificar a imuniza\u00e7\u00e3o contra a Covid-19 em bairros da periferia de Fortaleza. Nesta quinta-feira, dia 14 de outubro, o ve\u00edculo atendeu moradores em situa\u00e7\u00e3o de vulnerabilidade no bairro Carlito Pamplona. A a\u00e7\u00e3o, feita em parceria com a Prefeitura da Capital, pretende imunizar cerca de 10 mil pessoas contra o coronav\u00edrus at\u00e9 o dia 9 de novembro. Nas pr\u00f3ximas tr\u00eas semanas, o \u00f4nibus da Cruz Vermelha deve visitar outras 21 localidades da periferia de Fortaleza.<\/p>\n\n\n\n<p>A Secretaria de Sa\u00fade do Munic\u00edpio confirmou que, a partir desta sexta-feira, dia 15, Fortaleza passa a vacinar jovens a partir de 12 anos contra a Covid-19 sem a necessidade de agendamento pr\u00e9vio. Para isso, basta estar cadastrado na plataforma Sa\u00fade Digital. A ideia \u00e9 agilizar ainda mais a imuniza\u00e7\u00e3o.<\/p>\n\n\n\n<p>No Cear\u00e1,&nbsp;4.264.830 pessoas completaram a imuniza\u00e7\u00e3o contra a Covid-19 (duas doses de AstraZeneca, CoronaVac, Pfizer ou dose \u00fanica da Janssen). A quantidade equivale a&nbsp;quase 47% do total&nbsp;da popula\u00e7\u00e3o.<\/p>\n\n\n\n<figure class=\"wp-block-image size-large\"><img loading=\"lazy\" decoding=\"async\" width=\"984\" height=\"734\" src=\"https:\/\/blogdorogeriogomes.com.br\/wp-content\/uploads\/2021\/10\/longas-filas-2.jpeg\" alt=\"\" class=\"wp-image-23063\" srcset=\"https:\/\/blogdorogeriogomes.com.br\/noticias\/wp-content\/uploads\/2021\/10\/longas-filas-2.jpeg 984w, https:\/\/blogdorogeriogomes.com.br\/noticias\/wp-content\/uploads\/2021\/10\/longas-filas-2-300x224.jpeg 300w, https:\/\/blogdorogeriogomes.com.br\/noticias\/wp-content\/uploads\/2021\/10\/longas-filas-2-768x573.jpeg 768w, https:\/\/blogdorogeriogomes.com.br\/noticias\/wp-content\/uploads\/2021\/10\/longas-filas-2-800x597.jpeg 800w\" sizes=\"auto, (max-width: 984px) 100vw, 984px\" \/><\/figure>\n","protected":false},"excerpt":{"rendered":"<p>O \u00f4nibus da vacina da Cruz Vermelha Brasileira est\u00e1 ajudando a intensificar a imuniza\u00e7\u00e3o contra a Covid-19 em bairros da periferia de Fortaleza. Nesta quinta-feira, dia 14 de outubro, o ve\u00edculo atendeu moradores em situa\u00e7\u00e3o de vulnerabilidade no bairro Carlito Pamplona. A a\u00e7\u00e3o, feita em parceria com a Prefeitura da Capital, pretende imunizar cerca de 10 mil pessoas contra o coronav\u00edrus at\u00e9 o dia 9 de novembro. Nas pr\u00f3ximas tr\u00eas semanas, o \u00f4nibus da Cruz Vermelha deve visitar outras&hellip;<\/p>\n","protected":false},"author":1,"featured_media":23063,"comment_status":"open","ping_status":"open","sticky":false,"template":"","format":"standard","meta":{"footnotes":""},"categories":[1],"tags":[],"class_list":["post-23062","post","type-post","status-publish","format-standard","has-post-thumbnail","hentry","category-noticias"],"_links":{"self":[{"href":"https:\/\/blogdorogeriogomes.com.br\/noticias\/wp-json\/wp\/v2\/posts\/23062","targetHints":{"allow":["GET"]}}],"collection":[{"href":"https:\/\/blogdorogeriogomes.com.br\/noticias\/wp-json\/wp\/v2\/posts"}],"about":[{"href":"https:\/\/blogdorogeriogomes.com.br\/noticias\/wp-json\/wp\/v2\/types\/post"}],"author":[{"embeddable":true,"href":"https:\/\/blogdorogeriogomes.com.br\/noticias\/wp-json\/wp\/v2\/users\/1"}],"replies":[{"embeddable":true,"href":"https:\/\/blogdorogeriogomes.com.br\/noticias\/wp-json\/wp\/v2\/comments?post=23062"}],"version-history":[{"count":2,"href":"https:\/\/blogdorogeriogomes.com.br\/noticias\/wp-json\/wp\/v2\/posts\/23062\/revisions"}],"predecessor-version":[{"id":23073,"href":"https:\/\/blogdorogeriogomes.com.br\/noticias\/wp-json\/wp\/v2\/posts\/23062\/revisions\/23073"}],"wp:featuredmedia":[{"embeddable":true,"href":"https:\/\/blogdorogeriogomes.com.br\/noticias\/wp-json\/wp\/v2\/media\/23063"}],"wp:attachment":[{"href":"https:\/\/blogdorogeriogomes.com.br\/noticias\/wp-json\/wp\/v2\/media?parent=23062"}],"wp:term":[{"taxonomy":"category","embeddable":true,"href":"https:\/\/blogdorogeriogomes.com.br\/noticias\/wp-json\/wp\/v2\/categories?post=23062"},{"taxonomy":"post_tag","embeddable":true,"href":"https:\/\/blogdorogeriogomes.com.br\/noticias\/wp-json\/wp\/v2\/tags?post=23062"}],"curies":[{"name":"wp","href":"https:\/\/api.w.org\/{rel}","templated":true}]}}