{"id":23065,"date":"2021-10-15T11:11:40","date_gmt":"2021-10-15T11:11:40","guid":{"rendered":"https:\/\/blogdorogeriogomes.com.br\/?p=23065"},"modified":"2021-10-15T21:12:23","modified_gmt":"2021-10-15T21:12:23","slug":"tasso-vai-pedir-licenca-do-senado-e-chiquinho-feitosa-assume-a-vaga-em-novembro","status":"publish","type":"post","link":"https:\/\/blogdorogeriogomes.com.br\/noticias\/2021\/10\/tasso-vai-pedir-licenca-do-senado-e-chiquinho-feitosa-assume-a-vaga-em-novembro\/","title":{"rendered":"Tasso vai pedir licen\u00e7a do Senado e Chiquinho Feitosa assume a vaga em novembro"},"content":{"rendered":"\n<p>O senador cearense Tasso Jereissati (PSDB) decidiu se engajar na campanha do governador do Rio Grande do Sul, Eduardo Leite, para ser o candidato tucano \u00e0 presid\u00eancia da Rep\u00fablica em 2022. Por isso, o senador cearense vai tirar licen\u00e7a do mandato em novembro. O&nbsp;empres\u00e1rio e presidente do DEM no Cear\u00e1, Chiquinho Feitosa, assume a vaga de Tasso que desistiu de concorrer \u00e0s pr\u00e9vias do PSDB para a presid\u00eancia da Rep\u00fablica.<\/p>\n\n\n\n<p>A articula\u00e7\u00e3o pol\u00edtica \u00e9 encarada como uma maneira de fortalecer o novo Uni\u00e3o Brasil, partido criado da fus\u00e3o entre o PSL e o DEM.&nbsp;Chiquinho disputa com o deputado federal Capit\u00e3o Wagner (PSL) quem ficar\u00e1 com o comando do Uni\u00e3o Brasil no Cear\u00e1.<\/p>\n\n\n\n<figure class=\"wp-block-image size-large\"><img loading=\"lazy\" decoding=\"async\" width=\"679\" height=\"452\" src=\"https:\/\/blogdorogeriogomes.com.br\/wp-content\/uploads\/2021\/10\/images-67.jpeg\" alt=\"\" class=\"wp-image-23066\" srcset=\"https:\/\/blogdorogeriogomes.com.br\/noticias\/wp-content\/uploads\/2021\/10\/images-67.jpeg 679w, https:\/\/blogdorogeriogomes.com.br\/noticias\/wp-content\/uploads\/2021\/10\/images-67-300x200.jpeg 300w\" sizes=\"auto, (max-width: 679px) 100vw, 679px\" \/><\/figure>\n","protected":false},"excerpt":{"rendered":"<p>O senador cearense Tasso Jereissati (PSDB) decidiu se engajar na campanha do governador do Rio Grande do Sul, Eduardo Leite, para ser o candidato tucano \u00e0 presid\u00eancia da Rep\u00fablica em 2022. Por isso, o senador cearense vai tirar licen\u00e7a do mandato em novembro. O&nbsp;empres\u00e1rio e presidente do DEM no Cear\u00e1, Chiquinho Feitosa, assume a vaga de Tasso que desistiu de concorrer \u00e0s pr\u00e9vias do PSDB para a presid\u00eancia da Rep\u00fablica. A articula\u00e7\u00e3o pol\u00edtica \u00e9 encarada como uma maneira de&hellip;<\/p>\n","protected":false},"author":1,"featured_media":23066,"comment_status":"open","ping_status":"open","sticky":false,"template":"","format":"standard","meta":{"footnotes":""},"categories":[1],"tags":[],"class_list":["post-23065","post","type-post","status-publish","format-standard","has-post-thumbnail","hentry","category-noticias"],"_links":{"self":[{"href":"https:\/\/blogdorogeriogomes.com.br\/noticias\/wp-json\/wp\/v2\/posts\/23065","targetHints":{"allow":["GET"]}}],"collection":[{"href":"https:\/\/blogdorogeriogomes.com.br\/noticias\/wp-json\/wp\/v2\/posts"}],"about":[{"href":"https:\/\/blogdorogeriogomes.com.br\/noticias\/wp-json\/wp\/v2\/types\/post"}],"author":[{"embeddable":true,"href":"https:\/\/blogdorogeriogomes.com.br\/noticias\/wp-json\/wp\/v2\/users\/1"}],"replies":[{"embeddable":true,"href":"https:\/\/blogdorogeriogomes.com.br\/noticias\/wp-json\/wp\/v2\/comments?post=23065"}],"version-history":[{"count":2,"href":"https:\/\/blogdorogeriogomes.com.br\/noticias\/wp-json\/wp\/v2\/posts\/23065\/revisions"}],"predecessor-version":[{"id":23072,"href":"https:\/\/blogdorogeriogomes.com.br\/noticias\/wp-json\/wp\/v2\/posts\/23065\/revisions\/23072"}],"wp:featuredmedia":[{"embeddable":true,"href":"https:\/\/blogdorogeriogomes.com.br\/noticias\/wp-json\/wp\/v2\/media\/23066"}],"wp:attachment":[{"href":"https:\/\/blogdorogeriogomes.com.br\/noticias\/wp-json\/wp\/v2\/media?parent=23065"}],"wp:term":[{"taxonomy":"category","embeddable":true,"href":"https:\/\/blogdorogeriogomes.com.br\/noticias\/wp-json\/wp\/v2\/categories?post=23065"},{"taxonomy":"post_tag","embeddable":true,"href":"https:\/\/blogdorogeriogomes.com.br\/noticias\/wp-json\/wp\/v2\/tags?post=23065"}],"curies":[{"name":"wp","href":"https:\/\/api.w.org\/{rel}","templated":true}]}}