{"id":23068,"date":"2021-10-15T20:46:32","date_gmt":"2021-10-15T20:46:32","guid":{"rendered":"https:\/\/blogdorogeriogomes.com.br\/?p=23068"},"modified":"2021-10-15T21:12:17","modified_gmt":"2021-10-15T21:12:17","slug":"camilo-amplia-publico-nos-estadios-em-novo-decreto-reveillon-comeca-a-ser-discutido","status":"publish","type":"post","link":"https:\/\/blogdorogeriogomes.com.br\/noticias\/2021\/10\/camilo-amplia-publico-nos-estadios-em-novo-decreto-reveillon-comeca-a-ser-discutido\/","title":{"rendered":"Camilo amplia p\u00fablico nos est\u00e1dios em novo decreto. R\u00e9veillon come\u00e7a a ser discutido"},"content":{"rendered":"\n<p>Em novo decreto estadual da Covid-19, o governador do Cear\u00e1, Camilo Santana, autorizou o aumento de p\u00fablico nos est\u00e1dios e tamb\u00e9m em outros setores.<\/p>\n\n\n\n<p>Eventos esportivos profissionais passam a poder ter 30% da capacidade de p\u00fablico a partir deste s\u00e1bado, dia 16 de outubro. A partir do pr\u00f3ximo s\u00e1bado, dia 23, a capacidade liberada aumenta para 50%.Restaurantes passam a funcionar at\u00e9 as 3h da manh\u00e3<\/p>\n\n\n\n<p>Cinemas, shoppings e lojas de rua passam a poder acolher at\u00e9 80% da capacidade. J\u00e1 os eventos sociais e corporativos passam a poder acolher at\u00e9 300 pessoas ambientes fechados e 500 pessoas em ambientes abertos. Igrejas poder\u00e3o funcionar com total capacidade de p\u00fablico.<\/p>\n\n\n\n<p>Camilo Santana disse que ser\u00e1 criado um grupo de trabalho para discutir sobre a&nbsp;realiza\u00e7\u00e3o de festas de fim de ano no Cear\u00e1. O prefeito de Fortaleza, Jos\u00e9 Sarto, j\u00e1 adiantou que o R\u00e9veillon da Capital exigir\u00e1 comprova\u00e7\u00e3o de vacina se houver festa p\u00fablica.<\/p>\n\n\n\n<figure class=\"wp-block-image size-large\"><img loading=\"lazy\" decoding=\"async\" width=\"716\" height=\"428\" src=\"https:\/\/blogdorogeriogomes.com.br\/wp-content\/uploads\/2021\/10\/images-68.jpeg\" alt=\"\" class=\"wp-image-23069\" srcset=\"https:\/\/blogdorogeriogomes.com.br\/noticias\/wp-content\/uploads\/2021\/10\/images-68.jpeg 716w, https:\/\/blogdorogeriogomes.com.br\/noticias\/wp-content\/uploads\/2021\/10\/images-68-300x179.jpeg 300w\" sizes=\"auto, (max-width: 716px) 100vw, 716px\" \/><\/figure>\n","protected":false},"excerpt":{"rendered":"<p>Em novo decreto estadual da Covid-19, o governador do Cear\u00e1, Camilo Santana, autorizou o aumento de p\u00fablico nos est\u00e1dios e tamb\u00e9m em outros setores. Eventos esportivos profissionais passam a poder ter 30% da capacidade de p\u00fablico a partir deste s\u00e1bado, dia 16 de outubro. A partir do pr\u00f3ximo s\u00e1bado, dia 23, a capacidade liberada aumenta para 50%.Restaurantes passam a funcionar at\u00e9 as 3h da manh\u00e3 Cinemas, shoppings e lojas de rua passam a poder acolher at\u00e9 80% da capacidade.&hellip;<\/p>\n","protected":false},"author":1,"featured_media":23069,"comment_status":"open","ping_status":"open","sticky":false,"template":"","format":"standard","meta":{"footnotes":""},"categories":[1],"tags":[],"class_list":["post-23068","post","type-post","status-publish","format-standard","has-post-thumbnail","hentry","category-noticias"],"_links":{"self":[{"href":"https:\/\/blogdorogeriogomes.com.br\/noticias\/wp-json\/wp\/v2\/posts\/23068","targetHints":{"allow":["GET"]}}],"collection":[{"href":"https:\/\/blogdorogeriogomes.com.br\/noticias\/wp-json\/wp\/v2\/posts"}],"about":[{"href":"https:\/\/blogdorogeriogomes.com.br\/noticias\/wp-json\/wp\/v2\/types\/post"}],"author":[{"embeddable":true,"href":"https:\/\/blogdorogeriogomes.com.br\/noticias\/wp-json\/wp\/v2\/users\/1"}],"replies":[{"embeddable":true,"href":"https:\/\/blogdorogeriogomes.com.br\/noticias\/wp-json\/wp\/v2\/comments?post=23068"}],"version-history":[{"count":2,"href":"https:\/\/blogdorogeriogomes.com.br\/noticias\/wp-json\/wp\/v2\/posts\/23068\/revisions"}],"predecessor-version":[{"id":23071,"href":"https:\/\/blogdorogeriogomes.com.br\/noticias\/wp-json\/wp\/v2\/posts\/23068\/revisions\/23071"}],"wp:featuredmedia":[{"embeddable":true,"href":"https:\/\/blogdorogeriogomes.com.br\/noticias\/wp-json\/wp\/v2\/media\/23069"}],"wp:attachment":[{"href":"https:\/\/blogdorogeriogomes.com.br\/noticias\/wp-json\/wp\/v2\/media?parent=23068"}],"wp:term":[{"taxonomy":"category","embeddable":true,"href":"https:\/\/blogdorogeriogomes.com.br\/noticias\/wp-json\/wp\/v2\/categories?post=23068"},{"taxonomy":"post_tag","embeddable":true,"href":"https:\/\/blogdorogeriogomes.com.br\/noticias\/wp-json\/wp\/v2\/tags?post=23068"}],"curies":[{"name":"wp","href":"https:\/\/api.w.org\/{rel}","templated":true}]}}