{"id":23081,"date":"2021-10-16T11:09:09","date_gmt":"2021-10-16T11:09:09","guid":{"rendered":"https:\/\/blogdorogeriogomes.com.br\/?p=23081"},"modified":"2021-10-18T10:56:19","modified_gmt":"2021-10-18T10:56:19","slug":"relatorio-da-cpi-da-covid-deve-indiciar-do-presidente-a-ministros-relator-apontara-crimes-cometidos-e-provas","status":"publish","type":"post","link":"https:\/\/blogdorogeriogomes.com.br\/noticias\/2021\/10\/relatorio-da-cpi-da-covid-deve-indiciar-do-presidente-a-ministros-relator-apontara-crimes-cometidos-e-provas\/","title":{"rendered":"Relat\u00f3rio da CPI da Covid deve indiciar do presidente a ministros. Relator apontar\u00e1 crimes cometidos e provas"},"content":{"rendered":"\n<p>Para quem acha que a CPI da Covid no Senado Federal vai terminar em &#8220;pizza&#8221;, o relator Renan Calheiros promete um relat\u00f3rio cheio de provas e evid\u00eancias que ir\u00e1 causar muita dor de cabe\u00e7a com a Justi\u00e7a para os envolvidos. <\/p>\n\n\n\n<p>O relat\u00f3rio final, a ser apresentado nesta ter\u00e7a-feira, dia 19 de outubro, deve propor que 63 pessoas sejam indiciadas. O destaque fica para o presidente Jair Bolsonaro, acusado de cometimento de 11 crimes na condu\u00e7\u00e3o da pandemia. Tamb\u00e9m devem ser responsabilizados os filhos do presidente, ministros e ex-ministros, funcion\u00e1rios e ex-funcion\u00e1rios do governo, deputados e m\u00e9dicos.&nbsp;O ex-ministro da Sa\u00fade, Eduardo Pazuello, e o atual Marcelo Queiroga est\u00e3o na lista de indiciados.<\/p>\n\n\n\n<p>O relat\u00f3rio tem mais de mil p\u00e1ginas, onde Renan Calheiros deve relatar basicamente que o Governo Federal manteve um gabinete paralelo para dar suporte a medidas na \u00e1rea de sa\u00fade contra as evid\u00eancias cient\u00edficas; trabalhou com a inten\u00e7\u00e3o de imunizar a popula\u00e7\u00e3o por meio de contamina\u00e7\u00e3o natural, a chamada&nbsp;imuniza\u00e7\u00e3o de rebanho; priorizou o&nbsp;tratamento precoce sem efic\u00e1cia comprovada e agiu contra a ado\u00e7\u00e3o de medidas n\u00e3o farmacol\u00f3gicas, como o distanciamento social e o&nbsp;uso de m\u00e1scaras, al\u00e9m de atuar para atrasar a compra de vacinas.<\/p>\n\n\n\n<figure class=\"wp-block-image size-large\"><img loading=\"lazy\" decoding=\"async\" width=\"444\" height=\"415\" src=\"https:\/\/blogdorogeriogomes.com.br\/wp-content\/uploads\/2021\/10\/images-702.jpeg\" alt=\"\" class=\"wp-image-23082\" srcset=\"https:\/\/blogdorogeriogomes.com.br\/noticias\/wp-content\/uploads\/2021\/10\/images-702.jpeg 444w, https:\/\/blogdorogeriogomes.com.br\/noticias\/wp-content\/uploads\/2021\/10\/images-702-300x280.jpeg 300w\" sizes=\"auto, (max-width: 444px) 100vw, 444px\" \/><\/figure>\n\n\n\n<p><\/p>\n","protected":false},"excerpt":{"rendered":"<p>Para quem acha que a CPI da Covid no Senado Federal vai terminar em &#8220;pizza&#8221;, o relator Renan Calheiros promete um relat\u00f3rio cheio de provas e evid\u00eancias que ir\u00e1 causar muita dor de cabe\u00e7a com a Justi\u00e7a para os envolvidos. O relat\u00f3rio final, a ser apresentado nesta ter\u00e7a-feira, dia 19 de outubro, deve propor que 63 pessoas sejam indiciadas. O destaque fica para o presidente Jair Bolsonaro, acusado de cometimento de 11 crimes na condu\u00e7\u00e3o da pandemia. Tamb\u00e9m devem&hellip;<\/p>\n","protected":false},"author":1,"featured_media":23082,"comment_status":"open","ping_status":"open","sticky":false,"template":"","format":"standard","meta":{"footnotes":""},"categories":[1],"tags":[],"class_list":["post-23081","post","type-post","status-publish","format-standard","has-post-thumbnail","hentry","category-noticias"],"_links":{"self":[{"href":"https:\/\/blogdorogeriogomes.com.br\/noticias\/wp-json\/wp\/v2\/posts\/23081","targetHints":{"allow":["GET"]}}],"collection":[{"href":"https:\/\/blogdorogeriogomes.com.br\/noticias\/wp-json\/wp\/v2\/posts"}],"about":[{"href":"https:\/\/blogdorogeriogomes.com.br\/noticias\/wp-json\/wp\/v2\/types\/post"}],"author":[{"embeddable":true,"href":"https:\/\/blogdorogeriogomes.com.br\/noticias\/wp-json\/wp\/v2\/users\/1"}],"replies":[{"embeddable":true,"href":"https:\/\/blogdorogeriogomes.com.br\/noticias\/wp-json\/wp\/v2\/comments?post=23081"}],"version-history":[{"count":2,"href":"https:\/\/blogdorogeriogomes.com.br\/noticias\/wp-json\/wp\/v2\/posts\/23081\/revisions"}],"predecessor-version":[{"id":23087,"href":"https:\/\/blogdorogeriogomes.com.br\/noticias\/wp-json\/wp\/v2\/posts\/23081\/revisions\/23087"}],"wp:featuredmedia":[{"embeddable":true,"href":"https:\/\/blogdorogeriogomes.com.br\/noticias\/wp-json\/wp\/v2\/media\/23082"}],"wp:attachment":[{"href":"https:\/\/blogdorogeriogomes.com.br\/noticias\/wp-json\/wp\/v2\/media?parent=23081"}],"wp:term":[{"taxonomy":"category","embeddable":true,"href":"https:\/\/blogdorogeriogomes.com.br\/noticias\/wp-json\/wp\/v2\/categories?post=23081"},{"taxonomy":"post_tag","embeddable":true,"href":"https:\/\/blogdorogeriogomes.com.br\/noticias\/wp-json\/wp\/v2\/tags?post=23081"}],"curies":[{"name":"wp","href":"https:\/\/api.w.org\/{rel}","templated":true}]}}