{"id":23088,"date":"2021-10-18T12:04:31","date_gmt":"2021-10-18T12:04:31","guid":{"rendered":"https:\/\/blogdorogeriogomes.com.br\/?p=23088"},"modified":"2021-10-19T12:22:59","modified_gmt":"2021-10-19T12:22:59","slug":"caminhoneiros-voltam-a-ameacar-com-greve-por-causa-do-preco-alto-do-diesel","status":"publish","type":"post","link":"https:\/\/blogdorogeriogomes.com.br\/noticias\/2021\/10\/caminhoneiros-voltam-a-ameacar-com-greve-por-causa-do-preco-alto-do-diesel\/","title":{"rendered":"Caminhoneiros voltam a amea\u00e7ar com greve por causa do pre\u00e7o alto do diesel"},"content":{"rendered":"\n<p>Caminhoneiros de todo o Pa\u00eds voltam a amea\u00e7ar com greve por causa do pre\u00e7o alto do diesel. Nesta segunda-feira, dia 18 de outubro, as entidades representativas da categoria v\u00e3o entregar uma lista de reivindica\u00e7\u00f5es ao Governo Bolsonaro. Segundo as entidades, os entendimentos com o Governo v\u00e3o definir se haver\u00e1 ou n\u00e3o uma paralisa\u00e7\u00e3o nacional a partir de 1\u00b0 de novembro.<\/p>\n\n\n\n<p>Na pauta dos caminhoneiros est\u00e3o cumprimento do valor m\u00ednimo do frete rodovi\u00e1rio, a aposentadoria especial para a categoria e a mudan\u00e7a na pol\u00edtica de pre\u00e7os da Petrobras para combust\u00edveis, que afeta diretamente no diesel.&nbsp;<\/p>\n\n\n\n<figure class=\"wp-block-image size-large\"><img loading=\"lazy\" decoding=\"async\" width=\"697\" height=\"440\" src=\"https:\/\/blogdorogeriogomes.com.br\/wp-content\/uploads\/2021\/10\/images-72.jpeg\" alt=\"\" class=\"wp-image-23089\" srcset=\"https:\/\/blogdorogeriogomes.com.br\/noticias\/wp-content\/uploads\/2021\/10\/images-72.jpeg 697w, https:\/\/blogdorogeriogomes.com.br\/noticias\/wp-content\/uploads\/2021\/10\/images-72-300x189.jpeg 300w, https:\/\/blogdorogeriogomes.com.br\/noticias\/wp-content\/uploads\/2021\/10\/images-72-320x202.jpeg 320w\" sizes=\"auto, (max-width: 697px) 100vw, 697px\" \/><\/figure>\n","protected":false},"excerpt":{"rendered":"<p>Caminhoneiros de todo o Pa\u00eds voltam a amea\u00e7ar com greve por causa do pre\u00e7o alto do diesel. Nesta segunda-feira, dia 18 de outubro, as entidades representativas da categoria v\u00e3o entregar uma lista de reivindica\u00e7\u00f5es ao Governo Bolsonaro. Segundo as entidades, os entendimentos com o Governo v\u00e3o definir se haver\u00e1 ou n\u00e3o uma paralisa\u00e7\u00e3o nacional a partir de 1\u00b0 de novembro. Na pauta dos caminhoneiros est\u00e3o cumprimento do valor m\u00ednimo do frete rodovi\u00e1rio, a aposentadoria especial para a categoria e&hellip;<\/p>\n","protected":false},"author":1,"featured_media":23089,"comment_status":"open","ping_status":"open","sticky":false,"template":"","format":"standard","meta":{"footnotes":""},"categories":[1],"tags":[],"class_list":["post-23088","post","type-post","status-publish","format-standard","has-post-thumbnail","hentry","category-noticias"],"_links":{"self":[{"href":"https:\/\/blogdorogeriogomes.com.br\/noticias\/wp-json\/wp\/v2\/posts\/23088","targetHints":{"allow":["GET"]}}],"collection":[{"href":"https:\/\/blogdorogeriogomes.com.br\/noticias\/wp-json\/wp\/v2\/posts"}],"about":[{"href":"https:\/\/blogdorogeriogomes.com.br\/noticias\/wp-json\/wp\/v2\/types\/post"}],"author":[{"embeddable":true,"href":"https:\/\/blogdorogeriogomes.com.br\/noticias\/wp-json\/wp\/v2\/users\/1"}],"replies":[{"embeddable":true,"href":"https:\/\/blogdorogeriogomes.com.br\/noticias\/wp-json\/wp\/v2\/comments?post=23088"}],"version-history":[{"count":2,"href":"https:\/\/blogdorogeriogomes.com.br\/noticias\/wp-json\/wp\/v2\/posts\/23088\/revisions"}],"predecessor-version":[{"id":23108,"href":"https:\/\/blogdorogeriogomes.com.br\/noticias\/wp-json\/wp\/v2\/posts\/23088\/revisions\/23108"}],"wp:featuredmedia":[{"embeddable":true,"href":"https:\/\/blogdorogeriogomes.com.br\/noticias\/wp-json\/wp\/v2\/media\/23089"}],"wp:attachment":[{"href":"https:\/\/blogdorogeriogomes.com.br\/noticias\/wp-json\/wp\/v2\/media?parent=23088"}],"wp:term":[{"taxonomy":"category","embeddable":true,"href":"https:\/\/blogdorogeriogomes.com.br\/noticias\/wp-json\/wp\/v2\/categories?post=23088"},{"taxonomy":"post_tag","embeddable":true,"href":"https:\/\/blogdorogeriogomes.com.br\/noticias\/wp-json\/wp\/v2\/tags?post=23088"}],"curies":[{"name":"wp","href":"https:\/\/api.w.org\/{rel}","templated":true}]}}