{"id":23091,"date":"2021-10-18T13:18:17","date_gmt":"2021-10-18T13:18:17","guid":{"rendered":"https:\/\/blogdorogeriogomes.com.br\/?p=23091"},"modified":"2021-10-19T12:22:36","modified_gmt":"2021-10-19T12:22:36","slug":"roberto-claudio-intensifica-visitas-ao-interior-para-fortalecer-nome-visando-a-sucessao-estadual-de-2022","status":"publish","type":"post","link":"https:\/\/blogdorogeriogomes.com.br\/noticias\/2021\/10\/roberto-claudio-intensifica-visitas-ao-interior-para-fortalecer-nome-visando-a-sucessao-estadual-de-2022\/","title":{"rendered":"Roberto Cl\u00e1udio intensifica visitas ao interior para fortalecer nome visando a sucess\u00e3o estadual de 2022"},"content":{"rendered":"\n<p>Se na oposi\u00e7\u00e3o o deputado federal Capit\u00e3o Wagner j\u00e1 faz visitas a munic\u00edpios do interior do Cear\u00e1 de olho na disputa estadual de 2022, do lado da situa\u00e7\u00e3o, os pr\u00e9-candidatos ao Governo do Estado tamb\u00e9m se movimentam. O ex-prefeito de Fortaleza, Roberto Cl\u00e1udio (PDT), tem intensificado contatos com lideran\u00e7as pol\u00edticas nas v\u00e1rias regi\u00f5es do Cear\u00e1.<\/p>\n\n\n\n<p>No \u00faltimo fim de semana, o pedetista se reuniu com prefeitos da Regi\u00e3o Centro-Sul, no munic\u00edpio de Cedro, a 400km de Fortaleza. Roberto Cl\u00e1udio tamb\u00e9m j\u00e1 visitou Paracuru, Senador Pompeu, Itapipoca e Umirim.<\/p>\n\n\n\n<p>Discutir o cen\u00e1rio pol\u00edtico e conhecer de perto a realidade e as necessidades de cada regi\u00e3o s\u00e3o os pontos de partida para quem deseja se credenciar para sair candidato ao Governo do Cear\u00e1. No PDT, outros nomes como a vice-governadora Izolda Cela, o secret\u00e1rio estadual de Planejamento e Gest\u00e3o,&nbsp;Mauro Filho, e o presidente da Assembleia Legislativa,&nbsp;Evandro Leit\u00e3o, tamb\u00e9m s\u00e3o cotados para sair candidatos ao Pal\u00e1cio da Aboli\u00e7\u00e3o.<\/p>\n\n\n\n<figure class=\"wp-block-image size-large\"><img loading=\"lazy\" decoding=\"async\" width=\"1024\" height=\"768\" src=\"https:\/\/blogdorogeriogomes.com.br\/wp-content\/uploads\/2021\/10\/IMG-20211018-WA0077-1024x768.jpg\" alt=\"\" class=\"wp-image-23092\" srcset=\"https:\/\/blogdorogeriogomes.com.br\/noticias\/wp-content\/uploads\/2021\/10\/IMG-20211018-WA0077-1024x768.jpg 1024w, https:\/\/blogdorogeriogomes.com.br\/noticias\/wp-content\/uploads\/2021\/10\/IMG-20211018-WA0077-300x225.jpg 300w, https:\/\/blogdorogeriogomes.com.br\/noticias\/wp-content\/uploads\/2021\/10\/IMG-20211018-WA0077-768x576.jpg 768w, https:\/\/blogdorogeriogomes.com.br\/noticias\/wp-content\/uploads\/2021\/10\/IMG-20211018-WA0077-1536x1152.jpg 1536w, https:\/\/blogdorogeriogomes.com.br\/noticias\/wp-content\/uploads\/2021\/10\/IMG-20211018-WA0077-800x600.jpg 800w, https:\/\/blogdorogeriogomes.com.br\/noticias\/wp-content\/uploads\/2021\/10\/IMG-20211018-WA0077-400x300.jpg 400w, https:\/\/blogdorogeriogomes.com.br\/noticias\/wp-content\/uploads\/2021\/10\/IMG-20211018-WA0077.jpg 1600w\" sizes=\"auto, (max-width: 1024px) 100vw, 1024px\" \/><\/figure>\n","protected":false},"excerpt":{"rendered":"<p>Se na oposi\u00e7\u00e3o o deputado federal Capit\u00e3o Wagner j\u00e1 faz visitas a munic\u00edpios do interior do Cear\u00e1 de olho na disputa estadual de 2022, do lado da situa\u00e7\u00e3o, os pr\u00e9-candidatos ao Governo do Estado tamb\u00e9m se movimentam. O ex-prefeito de Fortaleza, Roberto Cl\u00e1udio (PDT), tem intensificado contatos com lideran\u00e7as pol\u00edticas nas v\u00e1rias regi\u00f5es do Cear\u00e1. No \u00faltimo fim de semana, o pedetista se reuniu com prefeitos da Regi\u00e3o Centro-Sul, no munic\u00edpio de Cedro, a 400km de Fortaleza. Roberto Cl\u00e1udio&hellip;<\/p>\n","protected":false},"author":1,"featured_media":23092,"comment_status":"open","ping_status":"open","sticky":false,"template":"","format":"standard","meta":{"footnotes":""},"categories":[1],"tags":[],"class_list":["post-23091","post","type-post","status-publish","format-standard","has-post-thumbnail","hentry","category-noticias"],"_links":{"self":[{"href":"https:\/\/blogdorogeriogomes.com.br\/noticias\/wp-json\/wp\/v2\/posts\/23091","targetHints":{"allow":["GET"]}}],"collection":[{"href":"https:\/\/blogdorogeriogomes.com.br\/noticias\/wp-json\/wp\/v2\/posts"}],"about":[{"href":"https:\/\/blogdorogeriogomes.com.br\/noticias\/wp-json\/wp\/v2\/types\/post"}],"author":[{"embeddable":true,"href":"https:\/\/blogdorogeriogomes.com.br\/noticias\/wp-json\/wp\/v2\/users\/1"}],"replies":[{"embeddable":true,"href":"https:\/\/blogdorogeriogomes.com.br\/noticias\/wp-json\/wp\/v2\/comments?post=23091"}],"version-history":[{"count":2,"href":"https:\/\/blogdorogeriogomes.com.br\/noticias\/wp-json\/wp\/v2\/posts\/23091\/revisions"}],"predecessor-version":[{"id":23107,"href":"https:\/\/blogdorogeriogomes.com.br\/noticias\/wp-json\/wp\/v2\/posts\/23091\/revisions\/23107"}],"wp:featuredmedia":[{"embeddable":true,"href":"https:\/\/blogdorogeriogomes.com.br\/noticias\/wp-json\/wp\/v2\/media\/23092"}],"wp:attachment":[{"href":"https:\/\/blogdorogeriogomes.com.br\/noticias\/wp-json\/wp\/v2\/media?parent=23091"}],"wp:term":[{"taxonomy":"category","embeddable":true,"href":"https:\/\/blogdorogeriogomes.com.br\/noticias\/wp-json\/wp\/v2\/categories?post=23091"},{"taxonomy":"post_tag","embeddable":true,"href":"https:\/\/blogdorogeriogomes.com.br\/noticias\/wp-json\/wp\/v2\/tags?post=23091"}],"curies":[{"name":"wp","href":"https:\/\/api.w.org\/{rel}","templated":true}]}}