{"id":23094,"date":"2021-10-18T22:37:02","date_gmt":"2021-10-18T22:37:02","guid":{"rendered":"https:\/\/blogdorogeriogomes.com.br\/?p=23094"},"modified":"2021-10-19T12:22:24","modified_gmt":"2021-10-19T12:22:24","slug":"assembleia-itinerante-chega-a-ico-com-feira-de-servicos-festival-cultural-e-sessao-legislativa-nesta-terca-feira","status":"publish","type":"post","link":"https:\/\/blogdorogeriogomes.com.br\/noticias\/2021\/10\/assembleia-itinerante-chega-a-ico-com-feira-de-servicos-festival-cultural-e-sessao-legislativa-nesta-terca-feira\/","title":{"rendered":"Assembleia Itinerante chega a Ic\u00f3 com feira de servi\u00e7os, festival cultural e sess\u00e3o legislativa nesta ter\u00e7a-feira"},"content":{"rendered":"\n<p>A Assembleia Legislativa inicia, nesta ter\u00e7a-feira, dia 19 de outubro, no munic\u00edpio de Ic\u00f3, no Centro-Sul do Cear\u00e1, as atividades da segunda edi\u00e7\u00e3o da Assembleia Itinerante de 2021. Prevista no Regimento Interno da Casa, a Assembleia Itinerante leva os trabalhos legislativos para o interior do Estado e descentraliza as decis\u00f5es que acontecem na sede do Poder Legislativo. \u201cEstamos levando para perto da popula\u00e7\u00e3o as nossas vota\u00e7\u00f5es e tomadas de decis\u00f5es, como tamb\u00e9m servi\u00e7os de sa\u00fade, campanhas educativas, palestras, atendimento odontol\u00f3gico, curso r\u00e1pido de gastronomia, entre outros. Uma grande novidade \u00e9 a emiss\u00e3o de documentos de forma mais r\u00e1pida e f\u00e1cil para as pessoas de Ic\u00f3 e de toda a regi\u00e3o\u201d, destacou o presidente da Assembleia Legislativa Evandro Leit\u00e3o.<\/p>\n\n\n\n<p>As atividades e servi\u00e7os da Assembleia Itinerante come\u00e7ar\u00e3o nesta ter\u00e7a-feira, com diversos servi\u00e7os para a popula\u00e7\u00e3o no Largo Theberge, em parceria com o Governo do Estado, Prefeitura do Ic\u00f3, Fecom\u00e9rcio, FIEC, Sebrae e prefeituras da regi\u00e3o. J\u00e1 o Festival de Arte e Cultura, promovido pelo Instituto Future, tamb\u00e9m se inicia nesta ter\u00e7a-feira no Teatro Municipal Ribeira dos Ic\u00f3s, com a abertura da Banda Marcial Municipal, \u00e0s 16 horas. A entrada \u00e9 gratuita e sujeita \u00e0 lota\u00e7\u00e3o permitida pelo decreto do Governo do Estado.<\/p>\n\n\n\n<p>Tamb\u00e9m ser\u00e1 realizada no Teatro Municipal a sess\u00e3o plen\u00e1ria da Assembleia Itinerante, com a presen\u00e7a dos deputados estaduais, na quinta-feira, dia 21, \u00e0s 9 horas. Na ocasi\u00e3o, haver\u00e1 todos os protocolos legislativos e vota\u00e7\u00e3o de projetos e uma sess\u00e3o solene no Segundo Expediente, quando ser\u00e3o premiados os vencedores do Festival de Arte e Cultura da Assembleia Legislativa.<\/p>\n\n\n\n<figure class=\"wp-block-image size-large\"><img loading=\"lazy\" decoding=\"async\" width=\"729\" height=\"421\" src=\"https:\/\/blogdorogeriogomes.com.br\/wp-content\/uploads\/2021\/10\/images-73.jpeg\" alt=\"\" class=\"wp-image-23095\" srcset=\"https:\/\/blogdorogeriogomes.com.br\/noticias\/wp-content\/uploads\/2021\/10\/images-73.jpeg 729w, https:\/\/blogdorogeriogomes.com.br\/noticias\/wp-content\/uploads\/2021\/10\/images-73-300x173.jpeg 300w\" sizes=\"auto, (max-width: 729px) 100vw, 729px\" \/><\/figure>\n\n\n\n<p><\/p>\n","protected":false},"excerpt":{"rendered":"<p>A Assembleia Legislativa inicia, nesta ter\u00e7a-feira, dia 19 de outubro, no munic\u00edpio de Ic\u00f3, no Centro-Sul do Cear\u00e1, as atividades da segunda edi\u00e7\u00e3o da Assembleia Itinerante de 2021. Prevista no Regimento Interno da Casa, a Assembleia Itinerante leva os trabalhos legislativos para o interior do Estado e descentraliza as decis\u00f5es que acontecem na sede do Poder Legislativo. \u201cEstamos levando para perto da popula\u00e7\u00e3o as nossas vota\u00e7\u00f5es e tomadas de decis\u00f5es, como tamb\u00e9m servi\u00e7os de sa\u00fade, campanhas educativas, palestras, atendimento&hellip;<\/p>\n","protected":false},"author":1,"featured_media":23095,"comment_status":"open","ping_status":"open","sticky":false,"template":"","format":"standard","meta":{"footnotes":""},"categories":[1],"tags":[],"class_list":["post-23094","post","type-post","status-publish","format-standard","has-post-thumbnail","hentry","category-noticias"],"_links":{"self":[{"href":"https:\/\/blogdorogeriogomes.com.br\/noticias\/wp-json\/wp\/v2\/posts\/23094","targetHints":{"allow":["GET"]}}],"collection":[{"href":"https:\/\/blogdorogeriogomes.com.br\/noticias\/wp-json\/wp\/v2\/posts"}],"about":[{"href":"https:\/\/blogdorogeriogomes.com.br\/noticias\/wp-json\/wp\/v2\/types\/post"}],"author":[{"embeddable":true,"href":"https:\/\/blogdorogeriogomes.com.br\/noticias\/wp-json\/wp\/v2\/users\/1"}],"replies":[{"embeddable":true,"href":"https:\/\/blogdorogeriogomes.com.br\/noticias\/wp-json\/wp\/v2\/comments?post=23094"}],"version-history":[{"count":1,"href":"https:\/\/blogdorogeriogomes.com.br\/noticias\/wp-json\/wp\/v2\/posts\/23094\/revisions"}],"predecessor-version":[{"id":23096,"href":"https:\/\/blogdorogeriogomes.com.br\/noticias\/wp-json\/wp\/v2\/posts\/23094\/revisions\/23096"}],"wp:featuredmedia":[{"embeddable":true,"href":"https:\/\/blogdorogeriogomes.com.br\/noticias\/wp-json\/wp\/v2\/media\/23095"}],"wp:attachment":[{"href":"https:\/\/blogdorogeriogomes.com.br\/noticias\/wp-json\/wp\/v2\/media?parent=23094"}],"wp:term":[{"taxonomy":"category","embeddable":true,"href":"https:\/\/blogdorogeriogomes.com.br\/noticias\/wp-json\/wp\/v2\/categories?post=23094"},{"taxonomy":"post_tag","embeddable":true,"href":"https:\/\/blogdorogeriogomes.com.br\/noticias\/wp-json\/wp\/v2\/tags?post=23094"}],"curies":[{"name":"wp","href":"https:\/\/api.w.org\/{rel}","templated":true}]}}