{"id":23097,"date":"2021-10-18T22:57:57","date_gmt":"2021-10-18T22:57:57","guid":{"rendered":"https:\/\/blogdorogeriogomes.com.br\/?p=23097"},"modified":"2021-10-19T12:22:14","modified_gmt":"2021-10-19T12:22:14","slug":"ibge-cancela-processo-seletivo-de-204-mil-vagas-para-o-censo-2022","status":"publish","type":"post","link":"https:\/\/blogdorogeriogomes.com.br\/noticias\/2021\/10\/ibge-cancela-processo-seletivo-de-204-mil-vagas-para-o-censo-2022\/","title":{"rendered":"IBGE cancela processo seletivo de 204 mil vagas para o Censo 2022"},"content":{"rendered":"\n<p>O Instituto Brasileiro de Geografia e Estat\u00edstica (IBGE) anunciou nesta segunda-feira, dia 18 de outubro, o cancelamento do processo seletivo para a contrata\u00e7\u00e3o de recenseadores e agentes censit\u00e1rios para o Censo Demogr\u00e1fico que ser\u00e1 realizado em 2022. O \u00f3rg\u00e3o vem enfrentando dificuldades devido ao corte de gastos feito pelo Governo Federal.<\/p>\n\n\n\n<p>O concurso previa a abertura de 204 mil vagas. Ele j\u00e1 havia sido suspenso, em abril deste ano, ap\u00f3s aprova\u00e7\u00e3o do Or\u00e7amento de 2021, pelo Congresso, que reduziu para R$ 71 milh\u00f5es o valor destinado ao Censo, inviabilizando a realiza\u00e7\u00e3o do certame.<\/p>\n\n\n\n<p>O cancelamento ocorre no momento em que o IBGE vem sofrendo para garantir os recursos necess\u00e1rios para o Censo Demogr\u00e1fico, que deveria ter ido a campo em 2020, mas j\u00e1 passou por dois adiamentos. <br><\/p>\n\n\n\n<figure class=\"wp-block-image size-large\"><img loading=\"lazy\" decoding=\"async\" width=\"783\" height=\"391\" src=\"https:\/\/blogdorogeriogomes.com.br\/wp-content\/uploads\/2021\/10\/images-74.jpeg\" alt=\"\" class=\"wp-image-23098\" srcset=\"https:\/\/blogdorogeriogomes.com.br\/noticias\/wp-content\/uploads\/2021\/10\/images-74.jpeg 783w, https:\/\/blogdorogeriogomes.com.br\/noticias\/wp-content\/uploads\/2021\/10\/images-74-300x150.jpeg 300w, https:\/\/blogdorogeriogomes.com.br\/noticias\/wp-content\/uploads\/2021\/10\/images-74-768x384.jpeg 768w\" sizes=\"auto, (max-width: 783px) 100vw, 783px\" \/><\/figure>\n\n\n\n<p><\/p>\n","protected":false},"excerpt":{"rendered":"<p>O Instituto Brasileiro de Geografia e Estat\u00edstica (IBGE) anunciou nesta segunda-feira, dia 18 de outubro, o cancelamento do processo seletivo para a contrata\u00e7\u00e3o de recenseadores e agentes censit\u00e1rios para o Censo Demogr\u00e1fico que ser\u00e1 realizado em 2022. O \u00f3rg\u00e3o vem enfrentando dificuldades devido ao corte de gastos feito pelo Governo Federal. O concurso previa a abertura de 204 mil vagas. Ele j\u00e1 havia sido suspenso, em abril deste ano, ap\u00f3s aprova\u00e7\u00e3o do Or\u00e7amento de 2021, pelo Congresso, que reduziu&hellip;<\/p>\n","protected":false},"author":1,"featured_media":23098,"comment_status":"open","ping_status":"open","sticky":false,"template":"","format":"standard","meta":{"footnotes":""},"categories":[1],"tags":[],"class_list":["post-23097","post","type-post","status-publish","format-standard","has-post-thumbnail","hentry","category-noticias"],"_links":{"self":[{"href":"https:\/\/blogdorogeriogomes.com.br\/noticias\/wp-json\/wp\/v2\/posts\/23097","targetHints":{"allow":["GET"]}}],"collection":[{"href":"https:\/\/blogdorogeriogomes.com.br\/noticias\/wp-json\/wp\/v2\/posts"}],"about":[{"href":"https:\/\/blogdorogeriogomes.com.br\/noticias\/wp-json\/wp\/v2\/types\/post"}],"author":[{"embeddable":true,"href":"https:\/\/blogdorogeriogomes.com.br\/noticias\/wp-json\/wp\/v2\/users\/1"}],"replies":[{"embeddable":true,"href":"https:\/\/blogdorogeriogomes.com.br\/noticias\/wp-json\/wp\/v2\/comments?post=23097"}],"version-history":[{"count":1,"href":"https:\/\/blogdorogeriogomes.com.br\/noticias\/wp-json\/wp\/v2\/posts\/23097\/revisions"}],"predecessor-version":[{"id":23099,"href":"https:\/\/blogdorogeriogomes.com.br\/noticias\/wp-json\/wp\/v2\/posts\/23097\/revisions\/23099"}],"wp:featuredmedia":[{"embeddable":true,"href":"https:\/\/blogdorogeriogomes.com.br\/noticias\/wp-json\/wp\/v2\/media\/23098"}],"wp:attachment":[{"href":"https:\/\/blogdorogeriogomes.com.br\/noticias\/wp-json\/wp\/v2\/media?parent=23097"}],"wp:term":[{"taxonomy":"category","embeddable":true,"href":"https:\/\/blogdorogeriogomes.com.br\/noticias\/wp-json\/wp\/v2\/categories?post=23097"},{"taxonomy":"post_tag","embeddable":true,"href":"https:\/\/blogdorogeriogomes.com.br\/noticias\/wp-json\/wp\/v2\/tags?post=23097"}],"curies":[{"name":"wp","href":"https:\/\/api.w.org\/{rel}","templated":true}]}}