{"id":23103,"date":"2021-10-19T10:39:52","date_gmt":"2021-10-19T10:39:52","guid":{"rendered":"https:\/\/blogdorogeriogomes.com.br\/?p=23103"},"modified":"2021-10-19T12:21:55","modified_gmt":"2021-10-19T12:21:55","slug":"governo-do-ceara-da-posse-a-247-novos-tenentes-da-policia-militar","status":"publish","type":"post","link":"https:\/\/blogdorogeriogomes.com.br\/noticias\/2021\/10\/governo-do-ceara-da-posse-a-247-novos-tenentes-da-policia-militar\/","title":{"rendered":"Governo do Cear\u00e1 d\u00e1 posse a 247 novos tenentes da Pol\u00edcia Militar"},"content":{"rendered":"\n<p>A Pol\u00edcia Militar do Cear\u00e1 empossa oficialmente, nesta ter\u00e7a-feira, dia 19 de outubro, 247 novos tenentes na corpora\u00e7\u00e3o. A solenidade acontece no Centro de Eventos do Cear\u00e1 e vai ser presidida pelo governador Camilo Santana.<\/p>\n\n\n\n<p>Os novos oficiais v\u00e3o fazer parte do refor\u00e7o operacional, incluindo os servi\u00e7os extraordin\u00e1rios para aumentar a atua\u00e7\u00e3o das Pol\u00edcia Militar em todo o Estado.<\/p>\n\n\n\n<p>A posse dos novos oficiais da Pol\u00edcia Militar faz parte da estrat\u00e9gia do Governo do Cear\u00e1 de refor\u00e7o da seguran\u00e7a p\u00fablica, com o aumento do efetivo.<\/p>\n\n\n\n<figure class=\"wp-block-image size-large\"><img loading=\"lazy\" decoding=\"async\" width=\"600\" height=\"400\" src=\"https:\/\/blogdorogeriogomes.com.br\/wp-content\/uploads\/2021\/10\/images-76.jpeg\" alt=\"\" class=\"wp-image-23104\" srcset=\"https:\/\/blogdorogeriogomes.com.br\/noticias\/wp-content\/uploads\/2021\/10\/images-76.jpeg 600w, https:\/\/blogdorogeriogomes.com.br\/noticias\/wp-content\/uploads\/2021\/10\/images-76-300x200.jpeg 300w\" sizes=\"auto, (max-width: 600px) 100vw, 600px\" \/><\/figure>\n\n\n\n<p><\/p>\n","protected":false},"excerpt":{"rendered":"<p>A Pol\u00edcia Militar do Cear\u00e1 empossa oficialmente, nesta ter\u00e7a-feira, dia 19 de outubro, 247 novos tenentes na corpora\u00e7\u00e3o. A solenidade acontece no Centro de Eventos do Cear\u00e1 e vai ser presidida pelo governador Camilo Santana. Os novos oficiais v\u00e3o fazer parte do refor\u00e7o operacional, incluindo os servi\u00e7os extraordin\u00e1rios para aumentar a atua\u00e7\u00e3o das Pol\u00edcia Militar em todo o Estado. A posse dos novos oficiais da Pol\u00edcia Militar faz parte da estrat\u00e9gia do Governo do Cear\u00e1 de refor\u00e7o da seguran\u00e7a&hellip;<\/p>\n","protected":false},"author":1,"featured_media":23104,"comment_status":"open","ping_status":"open","sticky":false,"template":"","format":"standard","meta":{"footnotes":""},"categories":[1],"tags":[],"class_list":["post-23103","post","type-post","status-publish","format-standard","has-post-thumbnail","hentry","category-noticias"],"_links":{"self":[{"href":"https:\/\/blogdorogeriogomes.com.br\/noticias\/wp-json\/wp\/v2\/posts\/23103","targetHints":{"allow":["GET"]}}],"collection":[{"href":"https:\/\/blogdorogeriogomes.com.br\/noticias\/wp-json\/wp\/v2\/posts"}],"about":[{"href":"https:\/\/blogdorogeriogomes.com.br\/noticias\/wp-json\/wp\/v2\/types\/post"}],"author":[{"embeddable":true,"href":"https:\/\/blogdorogeriogomes.com.br\/noticias\/wp-json\/wp\/v2\/users\/1"}],"replies":[{"embeddable":true,"href":"https:\/\/blogdorogeriogomes.com.br\/noticias\/wp-json\/wp\/v2\/comments?post=23103"}],"version-history":[{"count":1,"href":"https:\/\/blogdorogeriogomes.com.br\/noticias\/wp-json\/wp\/v2\/posts\/23103\/revisions"}],"predecessor-version":[{"id":23105,"href":"https:\/\/blogdorogeriogomes.com.br\/noticias\/wp-json\/wp\/v2\/posts\/23103\/revisions\/23105"}],"wp:featuredmedia":[{"embeddable":true,"href":"https:\/\/blogdorogeriogomes.com.br\/noticias\/wp-json\/wp\/v2\/media\/23104"}],"wp:attachment":[{"href":"https:\/\/blogdorogeriogomes.com.br\/noticias\/wp-json\/wp\/v2\/media?parent=23103"}],"wp:term":[{"taxonomy":"category","embeddable":true,"href":"https:\/\/blogdorogeriogomes.com.br\/noticias\/wp-json\/wp\/v2\/categories?post=23103"},{"taxonomy":"post_tag","embeddable":true,"href":"https:\/\/blogdorogeriogomes.com.br\/noticias\/wp-json\/wp\/v2\/tags?post=23103"}],"curies":[{"name":"wp","href":"https:\/\/api.w.org\/{rel}","templated":true}]}}