{"id":23125,"date":"2021-10-20T22:16:54","date_gmt":"2021-10-20T22:16:54","guid":{"rendered":"https:\/\/blogdorogeriogomes.com.br\/?p=23125"},"modified":"2021-10-22T12:06:01","modified_gmt":"2021-10-22T12:06:01","slug":"camara-municipal-comeca-a-analisar-projetos-que-liberam-mais-recursos-para-o-mulher-empreendedora-e-meu-bairro-empreendedor","status":"publish","type":"post","link":"https:\/\/blogdorogeriogomes.com.br\/noticias\/2021\/10\/camara-municipal-comeca-a-analisar-projetos-que-liberam-mais-recursos-para-o-mulher-empreendedora-e-meu-bairro-empreendedor\/","title":{"rendered":"C\u00e2mara Municipal come\u00e7a a analisar projetos que liberam mais recursos para o Mulher Empreendedora e Meu Bairro Empreendedor"},"content":{"rendered":"\n<p>Dois projetos de lei enviados pelo prefeito de Fortaleza, Jos\u00e9 Sarto, come\u00e7am a tramitar na C\u00e2mara Municipal liberando recursos para os programas Mulher Empreendedora e Meu Bairro Empreendedor. As iniciativas t\u00eam como objetivo comum o financiamento de pequenos empreendedores, preferencialmente, em \u00e1reas de baixo \u00cdndice de Desenvolvimento Humano (IDH). De acordo com Sarto, o investimento total nas duas iniciativas \u00e9 de R$ 3,7 milh\u00f5es, e o recurso liberado para cada empreendedor ser\u00e1 acompanhado por equipes de capacita\u00e7\u00e3o e supervis\u00e3o.<\/p>\n\n\n\n<p>Esta ser\u00e1 a 3\u00aa edi\u00e7\u00e3o do projeto Mulher Empreendedora, visando estimular o empreendedorismo feminino e possibilitando o acesso a cr\u00e9dito orientado, al\u00e9m de capacita\u00e7\u00f5es e consultorias gerenciais. A previs\u00e3o \u00e9 de investir at\u00e9 R$ 1,2 milh\u00e3o em 80 empreendimentos geridos por mulheres de Fortaleza.<\/p>\n\n\n\n<p>J\u00e1 o projeto Meu Bairro Empreendedor visa implantar a\u00e7\u00f5es de desenvolvimento local, integrado e sustent\u00e1vel em bairros de Fortaleza, preferencialmente, em \u00e1reas de baixo IDH. A a\u00e7\u00e3o disponibilizar\u00e1 at\u00e9 R$ 2,5 milh\u00f5es em financiamento para pequenos empreendedores com foco naqueles localizados em \u00e1reas de vulnerabilidade. Ser\u00e3o 500 financiamentos subsidiados de at\u00e9 R$ 5 mil.<\/p>\n\n\n\n<figure class=\"wp-block-image size-large\"><img loading=\"lazy\" decoding=\"async\" width=\"800\" height=\"533\" src=\"https:\/\/blogdorogeriogomes.com.br\/wp-content\/uploads\/2021\/10\/ASM_5125.jpg\" alt=\"\" class=\"wp-image-23126\" srcset=\"https:\/\/blogdorogeriogomes.com.br\/noticias\/wp-content\/uploads\/2021\/10\/ASM_5125.jpg 800w, https:\/\/blogdorogeriogomes.com.br\/noticias\/wp-content\/uploads\/2021\/10\/ASM_5125-300x200.jpg 300w, https:\/\/blogdorogeriogomes.com.br\/noticias\/wp-content\/uploads\/2021\/10\/ASM_5125-768x512.jpg 768w\" sizes=\"auto, (max-width: 800px) 100vw, 800px\" \/><\/figure>\n","protected":false},"excerpt":{"rendered":"<p>Dois projetos de lei enviados pelo prefeito de Fortaleza, Jos\u00e9 Sarto, come\u00e7am a tramitar na C\u00e2mara Municipal liberando recursos para os programas Mulher Empreendedora e Meu Bairro Empreendedor. As iniciativas t\u00eam como objetivo comum o financiamento de pequenos empreendedores, preferencialmente, em \u00e1reas de baixo \u00cdndice de Desenvolvimento Humano (IDH). De acordo com Sarto, o investimento total nas duas iniciativas \u00e9 de R$ 3,7 milh\u00f5es, e o recurso liberado para cada empreendedor ser\u00e1 acompanhado por equipes de capacita\u00e7\u00e3o e supervis\u00e3o.&hellip;<\/p>\n","protected":false},"author":1,"featured_media":23126,"comment_status":"open","ping_status":"open","sticky":false,"template":"","format":"standard","meta":{"footnotes":""},"categories":[1],"tags":[],"class_list":["post-23125","post","type-post","status-publish","format-standard","has-post-thumbnail","hentry","category-noticias"],"_links":{"self":[{"href":"https:\/\/blogdorogeriogomes.com.br\/noticias\/wp-json\/wp\/v2\/posts\/23125","targetHints":{"allow":["GET"]}}],"collection":[{"href":"https:\/\/blogdorogeriogomes.com.br\/noticias\/wp-json\/wp\/v2\/posts"}],"about":[{"href":"https:\/\/blogdorogeriogomes.com.br\/noticias\/wp-json\/wp\/v2\/types\/post"}],"author":[{"embeddable":true,"href":"https:\/\/blogdorogeriogomes.com.br\/noticias\/wp-json\/wp\/v2\/users\/1"}],"replies":[{"embeddable":true,"href":"https:\/\/blogdorogeriogomes.com.br\/noticias\/wp-json\/wp\/v2\/comments?post=23125"}],"version-history":[{"count":1,"href":"https:\/\/blogdorogeriogomes.com.br\/noticias\/wp-json\/wp\/v2\/posts\/23125\/revisions"}],"predecessor-version":[{"id":23127,"href":"https:\/\/blogdorogeriogomes.com.br\/noticias\/wp-json\/wp\/v2\/posts\/23125\/revisions\/23127"}],"wp:featuredmedia":[{"embeddable":true,"href":"https:\/\/blogdorogeriogomes.com.br\/noticias\/wp-json\/wp\/v2\/media\/23126"}],"wp:attachment":[{"href":"https:\/\/blogdorogeriogomes.com.br\/noticias\/wp-json\/wp\/v2\/media?parent=23125"}],"wp:term":[{"taxonomy":"category","embeddable":true,"href":"https:\/\/blogdorogeriogomes.com.br\/noticias\/wp-json\/wp\/v2\/categories?post=23125"},{"taxonomy":"post_tag","embeddable":true,"href":"https:\/\/blogdorogeriogomes.com.br\/noticias\/wp-json\/wp\/v2\/tags?post=23125"}],"curies":[{"name":"wp","href":"https:\/\/api.w.org\/{rel}","templated":true}]}}