{"id":23131,"date":"2021-10-21T10:26:55","date_gmt":"2021-10-21T10:26:55","guid":{"rendered":"https:\/\/blogdorogeriogomes.com.br\/?p=23131"},"modified":"2021-10-22T12:05:27","modified_gmt":"2021-10-22T12:05:27","slug":"arthur-lira-sofre-derrota-na-votacao-da-pec-para-mudar-composicao-do-conselho-do-ministerio-publico","status":"publish","type":"post","link":"https:\/\/blogdorogeriogomes.com.br\/noticias\/2021\/10\/arthur-lira-sofre-derrota-na-votacao-da-pec-para-mudar-composicao-do-conselho-do-ministerio-publico\/","title":{"rendered":"Arthur Lira sofre derrota na vota\u00e7\u00e3o da PEC para mudar composi\u00e7\u00e3o do Conselho do Minist\u00e9rio P\u00fablico"},"content":{"rendered":"\n<p>O presidente da C\u00e2mara dos Deputados, Arthur Lira saiu derrotado na vota\u00e7\u00e3o da PEC que ampliava a influ\u00eancia do Congresso no Conselho Nacional do Minist\u00e9rio P\u00fablico (CNMP). A vota\u00e7\u00e3o aconteceu na noite desta quarta-feira, dia 20 de outubro. Articulador da proposta, Lira e deputados aliados do Centr\u00e3o v\u00e3o tentar reorganizar o apoio para tentar aprovar a medida em uma segunda tentativa, na pr\u00f3xima semana.<\/p>\n\n\n\n<p>O texto do relator Paulo Magalh\u00e3es (PSD-BA) foi rejeitado pela falta de 11 votos. Foram 297 a favor e 182 contra. Para a proposta passar, a PEC precisava do apoio m\u00ednimo de 308 deputados (60% de um total de 513).<\/p>\n\n\n\n<figure class=\"wp-block-image size-large\"><img loading=\"lazy\" decoding=\"async\" width=\"768\" height=\"512\" src=\"https:\/\/blogdorogeriogomes.com.br\/wp-content\/uploads\/2021\/10\/15967369825f2c45d6473f5_1596736982_3x2_md.jpg\" alt=\"\" class=\"wp-image-23132\" srcset=\"https:\/\/blogdorogeriogomes.com.br\/noticias\/wp-content\/uploads\/2021\/10\/15967369825f2c45d6473f5_1596736982_3x2_md.jpg 768w, https:\/\/blogdorogeriogomes.com.br\/noticias\/wp-content\/uploads\/2021\/10\/15967369825f2c45d6473f5_1596736982_3x2_md-300x200.jpg 300w\" sizes=\"auto, (max-width: 768px) 100vw, 768px\" \/><\/figure>\n","protected":false},"excerpt":{"rendered":"<p>O presidente da C\u00e2mara dos Deputados, Arthur Lira saiu derrotado na vota\u00e7\u00e3o da PEC que ampliava a influ\u00eancia do Congresso no Conselho Nacional do Minist\u00e9rio P\u00fablico (CNMP). A vota\u00e7\u00e3o aconteceu na noite desta quarta-feira, dia 20 de outubro. Articulador da proposta, Lira e deputados aliados do Centr\u00e3o v\u00e3o tentar reorganizar o apoio para tentar aprovar a medida em uma segunda tentativa, na pr\u00f3xima semana. O texto do relator Paulo Magalh\u00e3es (PSD-BA) foi rejeitado pela falta de 11 votos. Foram&hellip;<\/p>\n","protected":false},"author":1,"featured_media":23132,"comment_status":"open","ping_status":"open","sticky":false,"template":"","format":"standard","meta":{"footnotes":""},"categories":[1],"tags":[],"class_list":["post-23131","post","type-post","status-publish","format-standard","has-post-thumbnail","hentry","category-noticias"],"_links":{"self":[{"href":"https:\/\/blogdorogeriogomes.com.br\/noticias\/wp-json\/wp\/v2\/posts\/23131","targetHints":{"allow":["GET"]}}],"collection":[{"href":"https:\/\/blogdorogeriogomes.com.br\/noticias\/wp-json\/wp\/v2\/posts"}],"about":[{"href":"https:\/\/blogdorogeriogomes.com.br\/noticias\/wp-json\/wp\/v2\/types\/post"}],"author":[{"embeddable":true,"href":"https:\/\/blogdorogeriogomes.com.br\/noticias\/wp-json\/wp\/v2\/users\/1"}],"replies":[{"embeddable":true,"href":"https:\/\/blogdorogeriogomes.com.br\/noticias\/wp-json\/wp\/v2\/comments?post=23131"}],"version-history":[{"count":1,"href":"https:\/\/blogdorogeriogomes.com.br\/noticias\/wp-json\/wp\/v2\/posts\/23131\/revisions"}],"predecessor-version":[{"id":23133,"href":"https:\/\/blogdorogeriogomes.com.br\/noticias\/wp-json\/wp\/v2\/posts\/23131\/revisions\/23133"}],"wp:featuredmedia":[{"embeddable":true,"href":"https:\/\/blogdorogeriogomes.com.br\/noticias\/wp-json\/wp\/v2\/media\/23132"}],"wp:attachment":[{"href":"https:\/\/blogdorogeriogomes.com.br\/noticias\/wp-json\/wp\/v2\/media?parent=23131"}],"wp:term":[{"taxonomy":"category","embeddable":true,"href":"https:\/\/blogdorogeriogomes.com.br\/noticias\/wp-json\/wp\/v2\/categories?post=23131"},{"taxonomy":"post_tag","embeddable":true,"href":"https:\/\/blogdorogeriogomes.com.br\/noticias\/wp-json\/wp\/v2\/tags?post=23131"}],"curies":[{"name":"wp","href":"https:\/\/api.w.org\/{rel}","templated":true}]}}