{"id":23137,"date":"2021-10-21T18:44:40","date_gmt":"2021-10-21T18:44:40","guid":{"rendered":"https:\/\/blogdorogeriogomes.com.br\/?p=23137"},"modified":"2021-10-22T12:04:36","modified_gmt":"2021-10-22T12:04:36","slug":"stf-determina-prisao-do-blogueiro-bolsonarista-allan-dos-santos-que-fugiu-para-os-estados-unidos","status":"publish","type":"post","link":"https:\/\/blogdorogeriogomes.com.br\/noticias\/2021\/10\/stf-determina-prisao-do-blogueiro-bolsonarista-allan-dos-santos-que-fugiu-para-os-estados-unidos\/","title":{"rendered":"STF determina pris\u00e3o do blogueiro bolsonarista Allan dos Santos que fugiu para os Estados Unidos"},"content":{"rendered":"\n<p>O blogueiro bolsonarista Allan dos Santos est\u00e1 com a pris\u00e3o preventiva decretada pelo Supremo Tribunal Federal (STF). A determina\u00e7\u00e3o partiu do ministro Alexandre de Moraes, dentro dos inqu\u00e9ritos que apura a divulga\u00e7\u00e3o de fake news e ataques a integrantes da Corte e tamb\u00e9m no que identificou a atua\u00e7\u00e3o de uma mil\u00edcia digital que trabalha contra a democracia e as institui\u00e7\u00f5es no pa\u00eds.<\/p>\n\n\n\n<p>Com o avan\u00e7o das investiga\u00e7\u00f5es, o blogueiro Allan dos Santos fugiu para os Estados Unidos, onde est\u00e1 com o visto vencido. O ministro Alexandre de Moraes determinou que o Minist\u00e9rio da Justi\u00e7a inicie imediatamente o processo de extradi\u00e7\u00e3o do militante bolsonarista, acusado de ser um dia principais disseminadores de fake news ligados ao chamado &#8220;Gabinete do \u00d3dio&#8221;.<\/p>\n\n\n\n<p>A Pol\u00edcia Federal deve incluir o mandado de pris\u00e3o na lista da Difus\u00e3o Vermelha da Interpol, para garantir que o blogueiro Allan dos Santos seja capturado e retorne ao Brasil.<\/p>\n\n\n\n<figure class=\"wp-block-image size-large\"><img loading=\"lazy\" decoding=\"async\" width=\"678\" height=\"452\" src=\"https:\/\/blogdorogeriogomes.com.br\/wp-content\/uploads\/2021\/10\/images-80.jpeg\" alt=\"\" class=\"wp-image-23138\" srcset=\"https:\/\/blogdorogeriogomes.com.br\/noticias\/wp-content\/uploads\/2021\/10\/images-80.jpeg 678w, https:\/\/blogdorogeriogomes.com.br\/noticias\/wp-content\/uploads\/2021\/10\/images-80-300x200.jpeg 300w\" sizes=\"auto, (max-width: 678px) 100vw, 678px\" \/><\/figure>\n\n\n\n<p><\/p>\n","protected":false},"excerpt":{"rendered":"<p>O blogueiro bolsonarista Allan dos Santos est\u00e1 com a pris\u00e3o preventiva decretada pelo Supremo Tribunal Federal (STF). A determina\u00e7\u00e3o partiu do ministro Alexandre de Moraes, dentro dos inqu\u00e9ritos que apura a divulga\u00e7\u00e3o de fake news e ataques a integrantes da Corte e tamb\u00e9m no que identificou a atua\u00e7\u00e3o de uma mil\u00edcia digital que trabalha contra a democracia e as institui\u00e7\u00f5es no pa\u00eds. Com o avan\u00e7o das investiga\u00e7\u00f5es, o blogueiro Allan dos Santos fugiu para os Estados Unidos, onde est\u00e1&hellip;<\/p>\n","protected":false},"author":1,"featured_media":23138,"comment_status":"open","ping_status":"open","sticky":false,"template":"","format":"standard","meta":{"footnotes":""},"categories":[1],"tags":[],"class_list":["post-23137","post","type-post","status-publish","format-standard","has-post-thumbnail","hentry","category-noticias"],"_links":{"self":[{"href":"https:\/\/blogdorogeriogomes.com.br\/noticias\/wp-json\/wp\/v2\/posts\/23137","targetHints":{"allow":["GET"]}}],"collection":[{"href":"https:\/\/blogdorogeriogomes.com.br\/noticias\/wp-json\/wp\/v2\/posts"}],"about":[{"href":"https:\/\/blogdorogeriogomes.com.br\/noticias\/wp-json\/wp\/v2\/types\/post"}],"author":[{"embeddable":true,"href":"https:\/\/blogdorogeriogomes.com.br\/noticias\/wp-json\/wp\/v2\/users\/1"}],"replies":[{"embeddable":true,"href":"https:\/\/blogdorogeriogomes.com.br\/noticias\/wp-json\/wp\/v2\/comments?post=23137"}],"version-history":[{"count":1,"href":"https:\/\/blogdorogeriogomes.com.br\/noticias\/wp-json\/wp\/v2\/posts\/23137\/revisions"}],"predecessor-version":[{"id":23139,"href":"https:\/\/blogdorogeriogomes.com.br\/noticias\/wp-json\/wp\/v2\/posts\/23137\/revisions\/23139"}],"wp:featuredmedia":[{"embeddable":true,"href":"https:\/\/blogdorogeriogomes.com.br\/noticias\/wp-json\/wp\/v2\/media\/23138"}],"wp:attachment":[{"href":"https:\/\/blogdorogeriogomes.com.br\/noticias\/wp-json\/wp\/v2\/media?parent=23137"}],"wp:term":[{"taxonomy":"category","embeddable":true,"href":"https:\/\/blogdorogeriogomes.com.br\/noticias\/wp-json\/wp\/v2\/categories?post=23137"},{"taxonomy":"post_tag","embeddable":true,"href":"https:\/\/blogdorogeriogomes.com.br\/noticias\/wp-json\/wp\/v2\/tags?post=23137"}],"curies":[{"name":"wp","href":"https:\/\/api.w.org\/{rel}","templated":true}]}}