{"id":23147,"date":"2021-10-22T10:25:21","date_gmt":"2021-10-22T10:25:21","guid":{"rendered":"https:\/\/blogdorogeriogomes.com.br\/?p=23147"},"modified":"2021-10-22T12:03:41","modified_gmt":"2021-10-22T12:03:41","slug":"governo-do-estado-e-prefeitura-de-caucaia-anunciam-parceria-para-recuperacao-costeira","status":"publish","type":"post","link":"https:\/\/blogdorogeriogomes.com.br\/noticias\/2021\/10\/governo-do-estado-e-prefeitura-de-caucaia-anunciam-parceria-para-recuperacao-costeira\/","title":{"rendered":"Governo do Estado e Prefeitura de Caucaia anunciam parceria para recupera\u00e7\u00e3o costeira"},"content":{"rendered":"\n<p>O munic\u00edpio de Caucaia \u00e9 respons\u00e1vel por praias importantes para turismo cearense no litoral oeste como Icara\u00ed, Tabuba e Cumbuco. Mas o avan\u00e7o do mar tem causado muitos estragos n\u00f3s \u00faltimos anos. Nesta sexta-feira, dia 22 de outubro, no Sesc Iparana, o governador do Cear\u00e1, Camilo Santana (PT), e o prefeito de Caucaia, Vitor Valim (Pros), assinam, uma parceria para obras de prote\u00e7\u00e3o e restaura\u00e7\u00e3o costeira do litoral do munic\u00edpio.<\/p>\n\n\n\n<p>As a\u00e7\u00f5es devem levar em conta o Plano de Gest\u00e3o Integrada da Orla Mar\u00edtima de Caucaia, documento que visa ao planejamento e implementa\u00e7\u00e3o de a\u00e7\u00f5es estrat\u00e9gicas&nbsp;para a integra\u00e7\u00e3o de pol\u00edticas p\u00fablicas incidentes na zona costeira.<\/p>\n\n\n\n<figure class=\"wp-block-image size-large\"><img loading=\"lazy\" decoding=\"async\" width=\"675\" height=\"455\" src=\"https:\/\/blogdorogeriogomes.com.br\/wp-content\/uploads\/2021\/10\/images-82.jpeg\" alt=\"\" class=\"wp-image-23148\" srcset=\"https:\/\/blogdorogeriogomes.com.br\/noticias\/wp-content\/uploads\/2021\/10\/images-82.jpeg 675w, https:\/\/blogdorogeriogomes.com.br\/noticias\/wp-content\/uploads\/2021\/10\/images-82-300x202.jpeg 300w\" sizes=\"auto, (max-width: 675px) 100vw, 675px\" \/><\/figure>\n","protected":false},"excerpt":{"rendered":"<p>O munic\u00edpio de Caucaia \u00e9 respons\u00e1vel por praias importantes para turismo cearense no litoral oeste como Icara\u00ed, Tabuba e Cumbuco. Mas o avan\u00e7o do mar tem causado muitos estragos n\u00f3s \u00faltimos anos. Nesta sexta-feira, dia 22 de outubro, no Sesc Iparana, o governador do Cear\u00e1, Camilo Santana (PT), e o prefeito de Caucaia, Vitor Valim (Pros), assinam, uma parceria para obras de prote\u00e7\u00e3o e restaura\u00e7\u00e3o costeira do litoral do munic\u00edpio. As a\u00e7\u00f5es devem levar em conta o Plano de&hellip;<\/p>\n","protected":false},"author":1,"featured_media":23148,"comment_status":"open","ping_status":"open","sticky":false,"template":"","format":"standard","meta":{"footnotes":""},"categories":[1],"tags":[],"class_list":["post-23147","post","type-post","status-publish","format-standard","has-post-thumbnail","hentry","category-noticias"],"_links":{"self":[{"href":"https:\/\/blogdorogeriogomes.com.br\/noticias\/wp-json\/wp\/v2\/posts\/23147","targetHints":{"allow":["GET"]}}],"collection":[{"href":"https:\/\/blogdorogeriogomes.com.br\/noticias\/wp-json\/wp\/v2\/posts"}],"about":[{"href":"https:\/\/blogdorogeriogomes.com.br\/noticias\/wp-json\/wp\/v2\/types\/post"}],"author":[{"embeddable":true,"href":"https:\/\/blogdorogeriogomes.com.br\/noticias\/wp-json\/wp\/v2\/users\/1"}],"replies":[{"embeddable":true,"href":"https:\/\/blogdorogeriogomes.com.br\/noticias\/wp-json\/wp\/v2\/comments?post=23147"}],"version-history":[{"count":2,"href":"https:\/\/blogdorogeriogomes.com.br\/noticias\/wp-json\/wp\/v2\/posts\/23147\/revisions"}],"predecessor-version":[{"id":23154,"href":"https:\/\/blogdorogeriogomes.com.br\/noticias\/wp-json\/wp\/v2\/posts\/23147\/revisions\/23154"}],"wp:featuredmedia":[{"embeddable":true,"href":"https:\/\/blogdorogeriogomes.com.br\/noticias\/wp-json\/wp\/v2\/media\/23148"}],"wp:attachment":[{"href":"https:\/\/blogdorogeriogomes.com.br\/noticias\/wp-json\/wp\/v2\/media?parent=23147"}],"wp:term":[{"taxonomy":"category","embeddable":true,"href":"https:\/\/blogdorogeriogomes.com.br\/noticias\/wp-json\/wp\/v2\/categories?post=23147"},{"taxonomy":"post_tag","embeddable":true,"href":"https:\/\/blogdorogeriogomes.com.br\/noticias\/wp-json\/wp\/v2\/tags?post=23147"}],"curies":[{"name":"wp","href":"https:\/\/api.w.org\/{rel}","templated":true}]}}