{"id":23157,"date":"2021-10-22T21:51:16","date_gmt":"2021-10-22T21:51:16","guid":{"rendered":"https:\/\/blogdorogeriogomes.com.br\/?p=23157"},"modified":"2021-10-25T11:10:23","modified_gmt":"2021-10-25T11:10:23","slug":"rodrigo-pacheco-troca-o-dem-pelo-psd-para-entrar-na-disputa-presidenciavel-moro-vai-para-o-podemos","status":"publish","type":"post","link":"https:\/\/blogdorogeriogomes.com.br\/noticias\/2021\/10\/rodrigo-pacheco-troca-o-dem-pelo-psd-para-entrar-na-disputa-presidenciavel-moro-vai-para-o-podemos\/","title":{"rendered":"Rodrigo Pacheco troca o DEM pelo PSD para entrar na disputa presidenciavel. Moro vai para o Podemos"},"content":{"rendered":"\n<p>A disputa presidencial teve movimentos importantes nesta sexta-feira, dia 22 de outubro. O presidente do Senado,&nbsp;Rodrigo Pacheco, anunciou a sa\u00edda do&nbsp;DEM e a filia\u00e7\u00e3o ao&nbsp;PSD, comandado pelo ex-prefeito de S\u00e3o Paulo,&nbsp;Gilberto Kassab. Quer viabilizar uma candidatura \u00e0 Presid\u00eancia da Rep\u00fablica em 2022.<\/p>\n\n\n\n<p>O senador Renan Calheiros, relator da CPI da Covid, defendeu que Rodrigo Pacheco seria um bom nome para ser o candidato a vice na chapa de Lula (PT) no pr\u00f3ximo ano. O presidente nacional do PSD, Gilberto Kassab, foi um dos pol\u00edticos que conversaram com Lula sobre articula\u00e7\u00f5es pol\u00edticas para o pr\u00f3ximo ano.<\/p>\n\n\n\n<p>No lado da direita, o ex-juiz Sergio Moro marcou para o dia 20 de novembro a sua filia\u00e7\u00e3o ao Podemos, em Bras\u00edlia. Tamb\u00e9m tenta se viabilizar para entrar no processo sucess\u00f3rio para o Pal\u00e1cio do Planalto em 2022. <\/p>\n\n\n\n<figure class=\"wp-block-image size-large\"><img loading=\"lazy\" decoding=\"async\" width=\"739\" height=\"415\" src=\"https:\/\/blogdorogeriogomes.com.br\/wp-content\/uploads\/2021\/10\/images-83.jpeg\" alt=\"\" class=\"wp-image-23158\" srcset=\"https:\/\/blogdorogeriogomes.com.br\/noticias\/wp-content\/uploads\/2021\/10\/images-83.jpeg 739w, https:\/\/blogdorogeriogomes.com.br\/noticias\/wp-content\/uploads\/2021\/10\/images-83-300x168.jpeg 300w\" sizes=\"auto, (max-width: 739px) 100vw, 739px\" \/><\/figure>\n","protected":false},"excerpt":{"rendered":"<p>A disputa presidencial teve movimentos importantes nesta sexta-feira, dia 22 de outubro. O presidente do Senado,&nbsp;Rodrigo Pacheco, anunciou a sa\u00edda do&nbsp;DEM e a filia\u00e7\u00e3o ao&nbsp;PSD, comandado pelo ex-prefeito de S\u00e3o Paulo,&nbsp;Gilberto Kassab. Quer viabilizar uma candidatura \u00e0 Presid\u00eancia da Rep\u00fablica em 2022. O senador Renan Calheiros, relator da CPI da Covid, defendeu que Rodrigo Pacheco seria um bom nome para ser o candidato a vice na chapa de Lula (PT) no pr\u00f3ximo ano. O presidente nacional do PSD, Gilberto&hellip;<\/p>\n","protected":false},"author":1,"featured_media":23158,"comment_status":"open","ping_status":"open","sticky":false,"template":"","format":"standard","meta":{"footnotes":""},"categories":[1],"tags":[],"class_list":["post-23157","post","type-post","status-publish","format-standard","has-post-thumbnail","hentry","category-noticias"],"_links":{"self":[{"href":"https:\/\/blogdorogeriogomes.com.br\/noticias\/wp-json\/wp\/v2\/posts\/23157","targetHints":{"allow":["GET"]}}],"collection":[{"href":"https:\/\/blogdorogeriogomes.com.br\/noticias\/wp-json\/wp\/v2\/posts"}],"about":[{"href":"https:\/\/blogdorogeriogomes.com.br\/noticias\/wp-json\/wp\/v2\/types\/post"}],"author":[{"embeddable":true,"href":"https:\/\/blogdorogeriogomes.com.br\/noticias\/wp-json\/wp\/v2\/users\/1"}],"replies":[{"embeddable":true,"href":"https:\/\/blogdorogeriogomes.com.br\/noticias\/wp-json\/wp\/v2\/comments?post=23157"}],"version-history":[{"count":2,"href":"https:\/\/blogdorogeriogomes.com.br\/noticias\/wp-json\/wp\/v2\/posts\/23157\/revisions"}],"predecessor-version":[{"id":23167,"href":"https:\/\/blogdorogeriogomes.com.br\/noticias\/wp-json\/wp\/v2\/posts\/23157\/revisions\/23167"}],"wp:featuredmedia":[{"embeddable":true,"href":"https:\/\/blogdorogeriogomes.com.br\/noticias\/wp-json\/wp\/v2\/media\/23158"}],"wp:attachment":[{"href":"https:\/\/blogdorogeriogomes.com.br\/noticias\/wp-json\/wp\/v2\/media?parent=23157"}],"wp:term":[{"taxonomy":"category","embeddable":true,"href":"https:\/\/blogdorogeriogomes.com.br\/noticias\/wp-json\/wp\/v2\/categories?post=23157"},{"taxonomy":"post_tag","embeddable":true,"href":"https:\/\/blogdorogeriogomes.com.br\/noticias\/wp-json\/wp\/v2\/tags?post=23157"}],"curies":[{"name":"wp","href":"https:\/\/api.w.org\/{rel}","templated":true}]}}