{"id":23160,"date":"2021-10-22T22:15:26","date_gmt":"2021-10-22T22:15:26","guid":{"rendered":"https:\/\/blogdorogeriogomes.com.br\/?p=23160"},"modified":"2021-10-25T11:10:13","modified_gmt":"2021-10-25T11:10:13","slug":"apoio-de-camilo-santana-a-caucaia-revela-mudanca-de-postura-politica-de-vitor-valim","status":"publish","type":"post","link":"https:\/\/blogdorogeriogomes.com.br\/noticias\/2021\/10\/apoio-de-camilo-santana-a-caucaia-revela-mudanca-de-postura-politica-de-vitor-valim\/","title":{"rendered":"Apoio de Camilo Santana a Caucaia revela mudan\u00e7a de postura pol\u00edtica de Vitor Valim"},"content":{"rendered":"\n<p>A Restaura\u00e7\u00e3o Costeira no Litoral de Caucaia, envolvendo as praias do Pacheco, Icara\u00ed, Tabuba e Cumbuco, reuniu no mesmo palanque o governador Camilo Santana (PT), o prefeito Vitor Valim (Pros), o senador Cid Gomes (PDT) e o presidente da Assembleia Legislativa, Evandro Leit\u00e3o (PDT), nesta sexta-feira, dia 22 de outubro. O projeto assinado prev\u00ea a constru\u00e7\u00e3o de 11 espig\u00f5es ao longo da orla de Caucaia. O investimento na primeira etapa, que inclui a \u00e1rea mais atingida pela for\u00e7a do mar, ser\u00e1 de cerca de R$ 44 milh\u00f5es, sendo aproximadamente 90% do Governo do Cear\u00e1 e o restante com recurso da Prefeitura de Caucaia.<\/p>\n\n\n\n<p>Antes de eleito como prefeito de Caucaia em 2020, Vitor Valim sempre teve postura de oposi\u00e7\u00e3o ao governador Camilo Santana e proximidade com o deputado federal Capit\u00e3o Wagner (Pros), que hoje \u00e9 o principal nome da oposi\u00e7\u00e3o. J\u00e1 como prefeito tem mostrado proximidade com o chefe do Executivo estadual.<\/p>\n\n\n\n<p>Camilo Santana n\u00e3o s\u00f3 anunciou a libera\u00e7\u00e3o de recursos para a recupera\u00e7\u00e3o da orla de Caucaia, como tamb\u00e9m assinou um projeto de lei, a ser enviado \u00e0 Assembleia Legislativa, doando um terreno em \u00e1rea estrat\u00e9gica na regi\u00e3o do Porto do Pec\u00e9m, para que ali seja instalado o Polo Industrial de Caucaia, gerando mais empregos e renda para a popula\u00e7\u00e3o do munic\u00edpio da Regi\u00e3o Metropolitana de Fortaleza.<\/p>\n\n\n\n<p>A verdade \u00e9 que quando se torna gestor, as arestas pol\u00edticas precisam ficar em segundo plano.<\/p>\n\n\n\n<figure class=\"wp-block-image size-large\"><img loading=\"lazy\" decoding=\"async\" width=\"1024\" height=\"683\" src=\"https:\/\/blogdorogeriogomes.com.br\/wp-content\/uploads\/2021\/10\/211022_INVEST-EM-CAUCAIA_HS3508-1200x800-1-1024x683.jpg\" alt=\"\" class=\"wp-image-23161\" srcset=\"https:\/\/blogdorogeriogomes.com.br\/noticias\/wp-content\/uploads\/2021\/10\/211022_INVEST-EM-CAUCAIA_HS3508-1200x800-1-1024x683.jpg 1024w, https:\/\/blogdorogeriogomes.com.br\/noticias\/wp-content\/uploads\/2021\/10\/211022_INVEST-EM-CAUCAIA_HS3508-1200x800-1-300x200.jpg 300w, https:\/\/blogdorogeriogomes.com.br\/noticias\/wp-content\/uploads\/2021\/10\/211022_INVEST-EM-CAUCAIA_HS3508-1200x800-1-768x512.jpg 768w, https:\/\/blogdorogeriogomes.com.br\/noticias\/wp-content\/uploads\/2021\/10\/211022_INVEST-EM-CAUCAIA_HS3508-1200x800-1-800x533.jpg 800w, https:\/\/blogdorogeriogomes.com.br\/noticias\/wp-content\/uploads\/2021\/10\/211022_INVEST-EM-CAUCAIA_HS3508-1200x800-1.jpg 1200w\" sizes=\"auto, (max-width: 1024px) 100vw, 1024px\" \/><\/figure>\n\n\n\n<p><\/p>\n","protected":false},"excerpt":{"rendered":"<p>A Restaura\u00e7\u00e3o Costeira no Litoral de Caucaia, envolvendo as praias do Pacheco, Icara\u00ed, Tabuba e Cumbuco, reuniu no mesmo palanque o governador Camilo Santana (PT), o prefeito Vitor Valim (Pros), o senador Cid Gomes (PDT) e o presidente da Assembleia Legislativa, Evandro Leit\u00e3o (PDT), nesta sexta-feira, dia 22 de outubro. O projeto assinado prev\u00ea a constru\u00e7\u00e3o de 11 espig\u00f5es ao longo da orla de Caucaia. O investimento na primeira etapa, que inclui a \u00e1rea mais atingida pela for\u00e7a do&hellip;<\/p>\n","protected":false},"author":1,"featured_media":23161,"comment_status":"open","ping_status":"open","sticky":false,"template":"","format":"standard","meta":{"footnotes":""},"categories":[1],"tags":[],"class_list":["post-23160","post","type-post","status-publish","format-standard","has-post-thumbnail","hentry","category-noticias"],"_links":{"self":[{"href":"https:\/\/blogdorogeriogomes.com.br\/noticias\/wp-json\/wp\/v2\/posts\/23160","targetHints":{"allow":["GET"]}}],"collection":[{"href":"https:\/\/blogdorogeriogomes.com.br\/noticias\/wp-json\/wp\/v2\/posts"}],"about":[{"href":"https:\/\/blogdorogeriogomes.com.br\/noticias\/wp-json\/wp\/v2\/types\/post"}],"author":[{"embeddable":true,"href":"https:\/\/blogdorogeriogomes.com.br\/noticias\/wp-json\/wp\/v2\/users\/1"}],"replies":[{"embeddable":true,"href":"https:\/\/blogdorogeriogomes.com.br\/noticias\/wp-json\/wp\/v2\/comments?post=23160"}],"version-history":[{"count":1,"href":"https:\/\/blogdorogeriogomes.com.br\/noticias\/wp-json\/wp\/v2\/posts\/23160\/revisions"}],"predecessor-version":[{"id":23162,"href":"https:\/\/blogdorogeriogomes.com.br\/noticias\/wp-json\/wp\/v2\/posts\/23160\/revisions\/23162"}],"wp:featuredmedia":[{"embeddable":true,"href":"https:\/\/blogdorogeriogomes.com.br\/noticias\/wp-json\/wp\/v2\/media\/23161"}],"wp:attachment":[{"href":"https:\/\/blogdorogeriogomes.com.br\/noticias\/wp-json\/wp\/v2\/media?parent=23160"}],"wp:term":[{"taxonomy":"category","embeddable":true,"href":"https:\/\/blogdorogeriogomes.com.br\/noticias\/wp-json\/wp\/v2\/categories?post=23160"},{"taxonomy":"post_tag","embeddable":true,"href":"https:\/\/blogdorogeriogomes.com.br\/noticias\/wp-json\/wp\/v2\/tags?post=23160"}],"curies":[{"name":"wp","href":"https:\/\/api.w.org\/{rel}","templated":true}]}}