{"id":23175,"date":"2021-10-25T20:43:03","date_gmt":"2021-10-25T20:43:03","guid":{"rendered":"https:\/\/blogdorogeriogomes.com.br\/?p=23175"},"modified":"2021-10-26T08:11:08","modified_gmt":"2021-10-26T08:11:08","slug":"camilo-santana-se-reune-com-direcao-da-air-france-klm-na-europa-para-ampliar-voos-diretos-para-o-ceara","status":"publish","type":"post","link":"https:\/\/blogdorogeriogomes.com.br\/noticias\/2021\/10\/camilo-santana-se-reune-com-direcao-da-air-france-klm-na-europa-para-ampliar-voos-diretos-para-o-ceara\/","title":{"rendered":"Camilo Santana se re\u00fane com dire\u00e7\u00e3o da Air France\/KLM na Europa para ampliar voos diretos para o Cear\u00e1"},"content":{"rendered":"\n<p>O governador Camilo Santana se reuniu nesta segunda-feira, dia 25 de outubro, na Fran\u00e7a, com a diretoria do grupo Air France\/KLM para tratar sobre a amplia\u00e7\u00e3o dos voos que ligam o Cear\u00e1 \u00e0 Europa. Atualmente, tr\u00eas frequ\u00eancias semanais da rota Fortaleza-Paris-Fortaleza j\u00e1 foram retomadas pela companhia, e existe a expectativa do retorno dos voos entre a capital cearense e Amsterd\u00e3, na Holanda. O encontro foi realizado na sede da empresa, em Paris, e contou com a participa\u00e7\u00e3o do vice-presidente do grupo, Zoran Jelkic; do diretor Jean Marc Pouchol e do secret\u00e1rio-chefe da Casa Civil do Estado, Chagas Vieira.<\/p>\n\n\n\n<p>\u201cEsse \u00e9 um projeto muito importante para o nosso estado, que estimula o turismo, a economia, gerando emprego e renda para os cearenses. J\u00e1 retomamos tr\u00eas frequ\u00eancias semanais na rota Fortaleza-Paris-Fortaleza, e dever\u00e1 haver amplia\u00e7\u00e3o nessa rota. Essa foi a sinaliza\u00e7\u00e3o do vice-presidente do grupo, Zoran Jelkic. O projeto do Hub A\u00e9reo colocou o Cear\u00e1 em um outro patamar dentro do Brasil, com o n\u00famero de voos internacionais partindo do Cear\u00e1 aumentando em seis vezes, impulsionando a economia do Turismo\u201d, citou Camilo Santana, ap\u00f3s a reuni\u00e3o.<\/p>\n\n\n\n<p>Desde 2018, o Cear\u00e1 tem se consolidado como HUB a\u00e9reo no Pa\u00eds, com o in\u00edcio das opera\u00e7\u00f5es dos voos da Air France\/KLM para Paris e Amsterd\u00e3, al\u00e9m da amplia\u00e7\u00e3o da malha a\u00e9rea nacional com mais frequ\u00eancias da GOL e da Latam. \u201cNossa meta agora \u00e9 retomar esse crescimento, abalado com a pandemia, o mais r\u00e1pido poss\u00edvel. Continuamos firmes na luta para garantir mais desenvolvimento e mais emprego e renda para os cearenses\u201d, afirmou o governador do Cear\u00e1, que cumprir\u00e1 agenda durante a semana na Europa.<\/p>\n\n\n\n<p><br>O governador Camilo Santana participar\u00e1 nesta semana de uma s\u00e9rie de reuni\u00f5es e assinatura de acordos para atra\u00e7\u00e3o de investimentos ao Cear\u00e1. Em Roterd\u00e3, na Holanda, ser\u00e1 assinado memorando de entendimento com empresa da \u00e1rea de Hidrog\u00eanio Verde. Al\u00e9m disso, a comitiva cearense ter\u00e1 encontro com a diretoria do Porto de Roterd\u00e3, que \u00e9 parceiro do Porto do Pec\u00e9m.<br>Na Alemanha, em Munique, tamb\u00e9m ser\u00e1 assinado acordo com empresa local para atrair investimentos para o Cear\u00e1 na \u00e1rea de Hidrog\u00eanio Verde. J\u00e1 em Glasgow, na Esc\u00f3cia, Camilo Santana estar\u00e1 na abertura da COP26, principal confer\u00eancia clim\u00e1tica da Organiza\u00e7\u00e3o das Na\u00e7\u00f5es Unidas (ONU), e far\u00e1 reuni\u00e3o com o grupo Fortescue Metal, gigante australiana que assinou memorando de entendimento recentemente com o Estado.<\/p>\n\n\n\n<figure class=\"wp-block-image size-large\"><img loading=\"lazy\" decoding=\"async\" width=\"1024\" height=\"703\" src=\"https:\/\/blogdorogeriogomes.com.br\/wp-content\/uploads\/2021\/10\/IMG-20211025-WA0130-1024x703.jpg\" alt=\"\" class=\"wp-image-23176\" srcset=\"https:\/\/blogdorogeriogomes.com.br\/noticias\/wp-content\/uploads\/2021\/10\/IMG-20211025-WA0130-1024x703.jpg 1024w, https:\/\/blogdorogeriogomes.com.br\/noticias\/wp-content\/uploads\/2021\/10\/IMG-20211025-WA0130-300x206.jpg 300w, https:\/\/blogdorogeriogomes.com.br\/noticias\/wp-content\/uploads\/2021\/10\/IMG-20211025-WA0130-768x527.jpg 768w, https:\/\/blogdorogeriogomes.com.br\/noticias\/wp-content\/uploads\/2021\/10\/IMG-20211025-WA0130-800x549.jpg 800w, https:\/\/blogdorogeriogomes.com.br\/noticias\/wp-content\/uploads\/2021\/10\/IMG-20211025-WA0130.jpg 1028w\" sizes=\"auto, (max-width: 1024px) 100vw, 1024px\" \/><\/figure>\n","protected":false},"excerpt":{"rendered":"<p>O governador Camilo Santana se reuniu nesta segunda-feira, dia 25 de outubro, na Fran\u00e7a, com a diretoria do grupo Air France\/KLM para tratar sobre a amplia\u00e7\u00e3o dos voos que ligam o Cear\u00e1 \u00e0 Europa. Atualmente, tr\u00eas frequ\u00eancias semanais da rota Fortaleza-Paris-Fortaleza j\u00e1 foram retomadas pela companhia, e existe a expectativa do retorno dos voos entre a capital cearense e Amsterd\u00e3, na Holanda. O encontro foi realizado na sede da empresa, em Paris, e contou com a participa\u00e7\u00e3o do vice-presidente&hellip;<\/p>\n","protected":false},"author":1,"featured_media":23176,"comment_status":"open","ping_status":"open","sticky":false,"template":"","format":"standard","meta":{"footnotes":""},"categories":[1],"tags":[],"class_list":["post-23175","post","type-post","status-publish","format-standard","has-post-thumbnail","hentry","category-noticias"],"_links":{"self":[{"href":"https:\/\/blogdorogeriogomes.com.br\/noticias\/wp-json\/wp\/v2\/posts\/23175","targetHints":{"allow":["GET"]}}],"collection":[{"href":"https:\/\/blogdorogeriogomes.com.br\/noticias\/wp-json\/wp\/v2\/posts"}],"about":[{"href":"https:\/\/blogdorogeriogomes.com.br\/noticias\/wp-json\/wp\/v2\/types\/post"}],"author":[{"embeddable":true,"href":"https:\/\/blogdorogeriogomes.com.br\/noticias\/wp-json\/wp\/v2\/users\/1"}],"replies":[{"embeddable":true,"href":"https:\/\/blogdorogeriogomes.com.br\/noticias\/wp-json\/wp\/v2\/comments?post=23175"}],"version-history":[{"count":1,"href":"https:\/\/blogdorogeriogomes.com.br\/noticias\/wp-json\/wp\/v2\/posts\/23175\/revisions"}],"predecessor-version":[{"id":23177,"href":"https:\/\/blogdorogeriogomes.com.br\/noticias\/wp-json\/wp\/v2\/posts\/23175\/revisions\/23177"}],"wp:featuredmedia":[{"embeddable":true,"href":"https:\/\/blogdorogeriogomes.com.br\/noticias\/wp-json\/wp\/v2\/media\/23176"}],"wp:attachment":[{"href":"https:\/\/blogdorogeriogomes.com.br\/noticias\/wp-json\/wp\/v2\/media?parent=23175"}],"wp:term":[{"taxonomy":"category","embeddable":true,"href":"https:\/\/blogdorogeriogomes.com.br\/noticias\/wp-json\/wp\/v2\/categories?post=23175"},{"taxonomy":"post_tag","embeddable":true,"href":"https:\/\/blogdorogeriogomes.com.br\/noticias\/wp-json\/wp\/v2\/tags?post=23175"}],"curies":[{"name":"wp","href":"https:\/\/api.w.org\/{rel}","templated":true}]}}