{"id":23181,"date":"2021-10-26T09:58:40","date_gmt":"2021-10-26T09:58:40","guid":{"rendered":"https:\/\/blogdorogeriogomes.com.br\/?p=23181"},"modified":"2021-10-28T14:13:49","modified_gmt":"2021-10-28T14:13:49","slug":"luizianne-lins-intensifica-contatos-para-que-o-pt-tenha-candidatura-propria-no-ceara-ao-governo-do-estado-em-2022","status":"publish","type":"post","link":"https:\/\/blogdorogeriogomes.com.br\/noticias\/2021\/10\/luizianne-lins-intensifica-contatos-para-que-o-pt-tenha-candidatura-propria-no-ceara-ao-governo-do-estado-em-2022\/","title":{"rendered":"Luizianne Lins intensifica contatos para que o PT tenha candidatura pr\u00f3pria no Cear\u00e1 ao Governo do Estado em 2022"},"content":{"rendered":"\n<p>A deputada federal Luizianne Lins (PT) se encontrou nesta segunda-feira, dia 25 de outubro, em S\u00e3o Paulo, com o ex-presidente Lula e a dire\u00e7\u00e3o nacional do partido, Gleise Hoffmann. Em pauta, as sucess\u00f5es estaduais em 2022. A exemplo do deputado federal Jos\u00e9 Airton Cirilo, Luizianne \u00e9 defensora que o PT tenha candidatura pr\u00f3pria ao Governo do Cear\u00e1 na sucess\u00e3o de Camilo Santana. <\/p>\n\n\n\n<p>Luizianne Lins diz que ir\u00e1 conversar com a dire\u00e7\u00e3o estadual do PT e, a partir da\u00ed, dever\u00e1 iniciar uma s\u00e9rie de conversas com lideran\u00e7as locais para discutir o cen\u00e1rio 2022. \u201cN\u00e3o tem sentido palanque duplo, nossa prioridade \u00e9 garantir a unidade para a elei\u00e7\u00e3o de Lula. A partir de agora, vamos iniciar as conversas dentro do partido e, posteriormente, com lideran\u00e7as do Cear\u00e1\u201d, comentou a ex-prefeita de Fortaleza.<\/p>\n\n\n\n<p>O PT dever\u00e1 tomar posi\u00e7\u00e3o definitiva sobre a quest\u00e3o em janeiro de 2022. A discuss\u00e3o em torno da sucess\u00e3o estadual, no entanto, passa diretamente pelo governador Camilo Santana que defende a manuten\u00e7\u00e3o da alian\u00e7a do PT com o PDT dos irm\u00e3os Ciro e Cid Gomes. Luizianne Lins \u00e9 contra a composi\u00e7\u00e3o.<\/p>\n\n\n\n<figure class=\"wp-block-image size-large\"><img loading=\"lazy\" decoding=\"async\" width=\"1024\" height=\"650\" src=\"https:\/\/blogdorogeriogomes.com.br\/wp-content\/uploads\/2021\/10\/IMG-20211025-WA0177-1024x650.jpg\" alt=\"\" class=\"wp-image-23182\" srcset=\"https:\/\/blogdorogeriogomes.com.br\/noticias\/wp-content\/uploads\/2021\/10\/IMG-20211025-WA0177-1024x650.jpg 1024w, https:\/\/blogdorogeriogomes.com.br\/noticias\/wp-content\/uploads\/2021\/10\/IMG-20211025-WA0177-300x191.jpg 300w, https:\/\/blogdorogeriogomes.com.br\/noticias\/wp-content\/uploads\/2021\/10\/IMG-20211025-WA0177-768x488.jpg 768w, https:\/\/blogdorogeriogomes.com.br\/noticias\/wp-content\/uploads\/2021\/10\/IMG-20211025-WA0177-800x508.jpg 800w, https:\/\/blogdorogeriogomes.com.br\/noticias\/wp-content\/uploads\/2021\/10\/IMG-20211025-WA0177-320x202.jpg 320w, https:\/\/blogdorogeriogomes.com.br\/noticias\/wp-content\/uploads\/2021\/10\/IMG-20211025-WA0177.jpg 1280w\" sizes=\"auto, (max-width: 1024px) 100vw, 1024px\" \/><\/figure>\n\n\n\n<p><\/p>\n","protected":false},"excerpt":{"rendered":"<p>A deputada federal Luizianne Lins (PT) se encontrou nesta segunda-feira, dia 25 de outubro, em S\u00e3o Paulo, com o ex-presidente Lula e a dire\u00e7\u00e3o nacional do partido, Gleise Hoffmann. Em pauta, as sucess\u00f5es estaduais em 2022. A exemplo do deputado federal Jos\u00e9 Airton Cirilo, Luizianne \u00e9 defensora que o PT tenha candidatura pr\u00f3pria ao Governo do Cear\u00e1 na sucess\u00e3o de Camilo Santana. Luizianne Lins diz que ir\u00e1 conversar com a dire\u00e7\u00e3o estadual do PT e, a partir da\u00ed, dever\u00e1&hellip;<\/p>\n","protected":false},"author":1,"featured_media":23182,"comment_status":"open","ping_status":"open","sticky":false,"template":"","format":"standard","meta":{"footnotes":""},"categories":[1],"tags":[],"class_list":["post-23181","post","type-post","status-publish","format-standard","has-post-thumbnail","hentry","category-noticias"],"_links":{"self":[{"href":"https:\/\/blogdorogeriogomes.com.br\/noticias\/wp-json\/wp\/v2\/posts\/23181","targetHints":{"allow":["GET"]}}],"collection":[{"href":"https:\/\/blogdorogeriogomes.com.br\/noticias\/wp-json\/wp\/v2\/posts"}],"about":[{"href":"https:\/\/blogdorogeriogomes.com.br\/noticias\/wp-json\/wp\/v2\/types\/post"}],"author":[{"embeddable":true,"href":"https:\/\/blogdorogeriogomes.com.br\/noticias\/wp-json\/wp\/v2\/users\/1"}],"replies":[{"embeddable":true,"href":"https:\/\/blogdorogeriogomes.com.br\/noticias\/wp-json\/wp\/v2\/comments?post=23181"}],"version-history":[{"count":1,"href":"https:\/\/blogdorogeriogomes.com.br\/noticias\/wp-json\/wp\/v2\/posts\/23181\/revisions"}],"predecessor-version":[{"id":23183,"href":"https:\/\/blogdorogeriogomes.com.br\/noticias\/wp-json\/wp\/v2\/posts\/23181\/revisions\/23183"}],"wp:featuredmedia":[{"embeddable":true,"href":"https:\/\/blogdorogeriogomes.com.br\/noticias\/wp-json\/wp\/v2\/media\/23182"}],"wp:attachment":[{"href":"https:\/\/blogdorogeriogomes.com.br\/noticias\/wp-json\/wp\/v2\/media?parent=23181"}],"wp:term":[{"taxonomy":"category","embeddable":true,"href":"https:\/\/blogdorogeriogomes.com.br\/noticias\/wp-json\/wp\/v2\/categories?post=23181"},{"taxonomy":"post_tag","embeddable":true,"href":"https:\/\/blogdorogeriogomes.com.br\/noticias\/wp-json\/wp\/v2\/tags?post=23181"}],"curies":[{"name":"wp","href":"https:\/\/api.w.org\/{rel}","templated":true}]}}