{"id":23188,"date":"2021-10-26T20:16:55","date_gmt":"2021-10-26T20:16:55","guid":{"rendered":"https:\/\/blogdorogeriogomes.com.br\/?p=23188"},"modified":"2021-10-28T14:12:56","modified_gmt":"2021-10-28T14:12:56","slug":"sindjustica-ceara-realiza-programacao-pelo-dia-do-servidor","status":"publish","type":"post","link":"https:\/\/blogdorogeriogomes.com.br\/noticias\/2021\/10\/sindjustica-ceara-realiza-programacao-pelo-dia-do-servidor\/","title":{"rendered":"Sindjusti\u00e7a Cear\u00e1 realiza programa\u00e7\u00e3o pelo Dia do Servidor"},"content":{"rendered":"\n<p>O Sindjusti\u00e7a Cear\u00e1 realiza programa\u00e7\u00e3o para marcar o reencontro dos servidores do Judici\u00e1rio, nesta quarta-feira, dia 27 de outubro, v\u00e9spera do feriado pelo Dia do Servidor. Est\u00e1 programado um caf\u00e9 da manh\u00e3 e outras atividades no estacionamento do F\u00f3rum Cl\u00f3vis Bevil\u00e1qua. Est\u00e1 previsto um debate sobre &#8220;A contrarreforma administrativa: o impacto sobre os servi\u00e7os e servidores p\u00fablicos&#8221;.<br>A manh\u00e3 do Dia do Servidor do SindJusti\u00e7a ser\u00e1 ainda uma oportunidade para os servidores confirmarem se a desembargadora Nailde Pinheiro, presidente do TJCE, acatou o pedido para adiar a suspens\u00e3o salarial dos servidores com a prova de vida pendente.<br><\/p>\n\n\n\n<figure class=\"wp-block-image size-large\"><img loading=\"lazy\" decoding=\"async\" width=\"400\" height=\"270\" src=\"https:\/\/blogdorogeriogomes.com.br\/wp-content\/uploads\/2021\/10\/images-89.jpeg\" alt=\"\" class=\"wp-image-23190\" srcset=\"https:\/\/blogdorogeriogomes.com.br\/noticias\/wp-content\/uploads\/2021\/10\/images-89.jpeg 400w, https:\/\/blogdorogeriogomes.com.br\/noticias\/wp-content\/uploads\/2021\/10\/images-89-300x203.jpeg 300w\" sizes=\"auto, (max-width: 400px) 100vw, 400px\" \/><\/figure>\n\n\n\n<p><\/p>\n","protected":false},"excerpt":{"rendered":"<p>O Sindjusti\u00e7a Cear\u00e1 realiza programa\u00e7\u00e3o para marcar o reencontro dos servidores do Judici\u00e1rio, nesta quarta-feira, dia 27 de outubro, v\u00e9spera do feriado pelo Dia do Servidor. Est\u00e1 programado um caf\u00e9 da manh\u00e3 e outras atividades no estacionamento do F\u00f3rum Cl\u00f3vis Bevil\u00e1qua. Est\u00e1 previsto um debate sobre &#8220;A contrarreforma administrativa: o impacto sobre os servi\u00e7os e servidores p\u00fablicos&#8221;.A manh\u00e3 do Dia do Servidor do SindJusti\u00e7a ser\u00e1 ainda uma oportunidade para os servidores confirmarem se a desembargadora Nailde Pinheiro, presidente do&hellip;<\/p>\n","protected":false},"author":1,"featured_media":23190,"comment_status":"open","ping_status":"open","sticky":false,"template":"","format":"standard","meta":{"footnotes":""},"categories":[1],"tags":[],"class_list":["post-23188","post","type-post","status-publish","format-standard","has-post-thumbnail","hentry","category-noticias"],"_links":{"self":[{"href":"https:\/\/blogdorogeriogomes.com.br\/noticias\/wp-json\/wp\/v2\/posts\/23188","targetHints":{"allow":["GET"]}}],"collection":[{"href":"https:\/\/blogdorogeriogomes.com.br\/noticias\/wp-json\/wp\/v2\/posts"}],"about":[{"href":"https:\/\/blogdorogeriogomes.com.br\/noticias\/wp-json\/wp\/v2\/types\/post"}],"author":[{"embeddable":true,"href":"https:\/\/blogdorogeriogomes.com.br\/noticias\/wp-json\/wp\/v2\/users\/1"}],"replies":[{"embeddable":true,"href":"https:\/\/blogdorogeriogomes.com.br\/noticias\/wp-json\/wp\/v2\/comments?post=23188"}],"version-history":[{"count":1,"href":"https:\/\/blogdorogeriogomes.com.br\/noticias\/wp-json\/wp\/v2\/posts\/23188\/revisions"}],"predecessor-version":[{"id":23191,"href":"https:\/\/blogdorogeriogomes.com.br\/noticias\/wp-json\/wp\/v2\/posts\/23188\/revisions\/23191"}],"wp:featuredmedia":[{"embeddable":true,"href":"https:\/\/blogdorogeriogomes.com.br\/noticias\/wp-json\/wp\/v2\/media\/23190"}],"wp:attachment":[{"href":"https:\/\/blogdorogeriogomes.com.br\/noticias\/wp-json\/wp\/v2\/media?parent=23188"}],"wp:term":[{"taxonomy":"category","embeddable":true,"href":"https:\/\/blogdorogeriogomes.com.br\/noticias\/wp-json\/wp\/v2\/categories?post=23188"},{"taxonomy":"post_tag","embeddable":true,"href":"https:\/\/blogdorogeriogomes.com.br\/noticias\/wp-json\/wp\/v2\/tags?post=23188"}],"curies":[{"name":"wp","href":"https:\/\/api.w.org\/{rel}","templated":true}]}}