{"id":23195,"date":"2021-10-27T00:15:36","date_gmt":"2021-10-27T00:15:36","guid":{"rendered":"https:\/\/blogdorogeriogomes.com.br\/?p=23195"},"modified":"2021-10-28T14:12:43","modified_gmt":"2021-10-28T14:12:43","slug":"cpi-da-motim-na-assembleia-legislativa-requere-processos-e-inqueritos-contra-militares-na-greve-do-ano-passado-no-ceara","status":"publish","type":"post","link":"https:\/\/blogdorogeriogomes.com.br\/noticias\/2021\/10\/cpi-da-motim-na-assembleia-legislativa-requere-processos-e-inqueritos-contra-militares-na-greve-do-ano-passado-no-ceara\/","title":{"rendered":"CPI da Motim na Assembleia Legislativa requere processos e inqu\u00e9ritos contra militares na greve do ano passado no Cear\u00e1"},"content":{"rendered":"\n<p>A Comiss\u00e3o Parlamentar de Inqu\u00e9rito (CPI) das Associa\u00e7\u00f5es Militares da Assembleia Legislativa aprovou, nesta ter\u00e7a-feira, dia 26 de outubro, requerimento que solicita ao juiz de Direito da Vara \u00danica da Justi\u00e7a Militar do Estado do Cear\u00e1 a c\u00f3pia de todos os processos e os inqu\u00e9ritos que tratem das investiga\u00e7\u00f5es do motim de policiais militares ocorrido em 2020. A solicita\u00e7\u00e3o tem como autor o deputado Elmano Freitas (PT). A CPI do Motim apura poss\u00edveis repasses financeiros das associa\u00e7\u00f5es militares na greve da PM do Cear\u00e1 no ano passado.<\/p>\n\n\n\n<p>O presidente do colegiado, Salmito Filho (PDT), explicou que investiga\u00e7\u00f5es podem ser realizadas no \u00e2mbito de uma CPI, do Minist\u00e9rio P\u00fablico \u201ccomum\u201d, do Minist\u00e9rio P\u00fablico Militar ou do Judici\u00e1rio e, segundo ele, \u00e9 justamente sobre essa \u00faltima institui\u00e7\u00e3o que trata o requerimento do relator Elmano Freitas. \u201cO requerimento trata desse inqu\u00e9rito e sobre as mais diversas informa\u00e7\u00f5es que constituem o inqu\u00e9rito no Judici\u00e1rio sobre o motim de 2020. Esse \u00e9 um requerimento muito importante, pois trata de informa\u00e7\u00f5es fundamentais, relevantes e estrat\u00e9gicas, algumas, inclusive, em segredo de Justi\u00e7a\u201d, ressaltou o parlamentar.<\/p>\n\n\n\n<figure class=\"wp-block-image size-large\"><img loading=\"lazy\" decoding=\"async\" width=\"900\" height=\"600\" src=\"https:\/\/blogdorogeriogomes.com.br\/wp-content\/uploads\/2021\/10\/9a5e42f52d9985300aac6d3effa8fd69_XL.jpg\" alt=\"\" class=\"wp-image-23196\" srcset=\"https:\/\/blogdorogeriogomes.com.br\/noticias\/wp-content\/uploads\/2021\/10\/9a5e42f52d9985300aac6d3effa8fd69_XL.jpg 900w, https:\/\/blogdorogeriogomes.com.br\/noticias\/wp-content\/uploads\/2021\/10\/9a5e42f52d9985300aac6d3effa8fd69_XL-300x200.jpg 300w, https:\/\/blogdorogeriogomes.com.br\/noticias\/wp-content\/uploads\/2021\/10\/9a5e42f52d9985300aac6d3effa8fd69_XL-768x512.jpg 768w, https:\/\/blogdorogeriogomes.com.br\/noticias\/wp-content\/uploads\/2021\/10\/9a5e42f52d9985300aac6d3effa8fd69_XL-800x533.jpg 800w\" sizes=\"auto, (max-width: 900px) 100vw, 900px\" \/><\/figure>\n\n\n\n<p><\/p>\n","protected":false},"excerpt":{"rendered":"<p>A Comiss\u00e3o Parlamentar de Inqu\u00e9rito (CPI) das Associa\u00e7\u00f5es Militares da Assembleia Legislativa aprovou, nesta ter\u00e7a-feira, dia 26 de outubro, requerimento que solicita ao juiz de Direito da Vara \u00danica da Justi\u00e7a Militar do Estado do Cear\u00e1 a c\u00f3pia de todos os processos e os inqu\u00e9ritos que tratem das investiga\u00e7\u00f5es do motim de policiais militares ocorrido em 2020. A solicita\u00e7\u00e3o tem como autor o deputado Elmano Freitas (PT). A CPI do Motim apura poss\u00edveis repasses financeiros das associa\u00e7\u00f5es militares na&hellip;<\/p>\n","protected":false},"author":1,"featured_media":23196,"comment_status":"open","ping_status":"open","sticky":false,"template":"","format":"standard","meta":{"footnotes":""},"categories":[1],"tags":[],"class_list":["post-23195","post","type-post","status-publish","format-standard","has-post-thumbnail","hentry","category-noticias"],"_links":{"self":[{"href":"https:\/\/blogdorogeriogomes.com.br\/noticias\/wp-json\/wp\/v2\/posts\/23195","targetHints":{"allow":["GET"]}}],"collection":[{"href":"https:\/\/blogdorogeriogomes.com.br\/noticias\/wp-json\/wp\/v2\/posts"}],"about":[{"href":"https:\/\/blogdorogeriogomes.com.br\/noticias\/wp-json\/wp\/v2\/types\/post"}],"author":[{"embeddable":true,"href":"https:\/\/blogdorogeriogomes.com.br\/noticias\/wp-json\/wp\/v2\/users\/1"}],"replies":[{"embeddable":true,"href":"https:\/\/blogdorogeriogomes.com.br\/noticias\/wp-json\/wp\/v2\/comments?post=23195"}],"version-history":[{"count":1,"href":"https:\/\/blogdorogeriogomes.com.br\/noticias\/wp-json\/wp\/v2\/posts\/23195\/revisions"}],"predecessor-version":[{"id":23197,"href":"https:\/\/blogdorogeriogomes.com.br\/noticias\/wp-json\/wp\/v2\/posts\/23195\/revisions\/23197"}],"wp:featuredmedia":[{"embeddable":true,"href":"https:\/\/blogdorogeriogomes.com.br\/noticias\/wp-json\/wp\/v2\/media\/23196"}],"wp:attachment":[{"href":"https:\/\/blogdorogeriogomes.com.br\/noticias\/wp-json\/wp\/v2\/media?parent=23195"}],"wp:term":[{"taxonomy":"category","embeddable":true,"href":"https:\/\/blogdorogeriogomes.com.br\/noticias\/wp-json\/wp\/v2\/categories?post=23195"},{"taxonomy":"post_tag","embeddable":true,"href":"https:\/\/blogdorogeriogomes.com.br\/noticias\/wp-json\/wp\/v2\/tags?post=23195"}],"curies":[{"name":"wp","href":"https:\/\/api.w.org\/{rel}","templated":true}]}}