{"id":23198,"date":"2021-10-27T10:41:19","date_gmt":"2021-10-27T10:41:19","guid":{"rendered":"https:\/\/blogdorogeriogomes.com.br\/?p=23198"},"modified":"2021-10-28T14:12:34","modified_gmt":"2021-10-28T14:12:34","slug":"fortaleza-reagenda-vacina-astrazeneca-para-quem-aguarda-segunda-dose-camilo-pede-mais-doses-ao-ministerio-da-saude","status":"publish","type":"post","link":"https:\/\/blogdorogeriogomes.com.br\/noticias\/2021\/10\/fortaleza-reagenda-vacina-astrazeneca-para-quem-aguarda-segunda-dose-camilo-pede-mais-doses-ao-ministerio-da-saude\/","title":{"rendered":"Fortaleza reagenda vacina AstraZeneca para quem aguarda segunda dose. Camilo pede mais doses ao Minist\u00e9rio da Sa\u00fade"},"content":{"rendered":"\n<p>A Prefeitura de Fortaleza voltou a agendar a vacina\u00e7\u00e3o de pessoas que estavam a espera da segunda dose da AstraZeneca, nesta quarta-feira, dia 27 de outubro. Por falta de doses, foram sete dias sem agendamento da segunda dose da vacina AstraZeneca na Capital. O reagendamento ocorre em meio ao atraso na vacina\u00e7\u00e3o de muitos cearenses com a dose dois do imunizante.&nbsp;<\/p>\n\n\n\n<p>O Governo do Cear\u00e1 cobra o Minist\u00e9rio da Sa\u00fade por mais doses da AstraZeneca. &#8220;Conversei por telefone com o ministro da Sa\u00fade, Marcelo Queiroga, e com o ministro substituto, Rodrigo Cruz, sobre o envio de mais vacinas AstraZeneca para o Cear\u00e1, de forma a garantir a segunda dose dos cearenses. Nossa Secretaria da Sa\u00fade j\u00e1 havia enviado of\u00edcio ao Minist\u00e9rio ontem e reforcei a urg\u00eancia dessa solicita\u00e7\u00e3o. O ministro garantiu empenho na solu\u00e7\u00e3o&#8221;, garantiu o governador Camilo Santana.<\/p>\n\n\n\n<figure class=\"wp-block-image size-large\"><img loading=\"lazy\" decoding=\"async\" width=\"984\" height=\"656\" src=\"https:\/\/blogdorogeriogomes.com.br\/wp-content\/uploads\/2021\/10\/whatsapp-image-2021-06-18-at-20.24.48.jpeg\" alt=\"\" class=\"wp-image-23199\" srcset=\"https:\/\/blogdorogeriogomes.com.br\/noticias\/wp-content\/uploads\/2021\/10\/whatsapp-image-2021-06-18-at-20.24.48.jpeg 984w, https:\/\/blogdorogeriogomes.com.br\/noticias\/wp-content\/uploads\/2021\/10\/whatsapp-image-2021-06-18-at-20.24.48-300x200.jpeg 300w, https:\/\/blogdorogeriogomes.com.br\/noticias\/wp-content\/uploads\/2021\/10\/whatsapp-image-2021-06-18-at-20.24.48-768x512.jpeg 768w, https:\/\/blogdorogeriogomes.com.br\/noticias\/wp-content\/uploads\/2021\/10\/whatsapp-image-2021-06-18-at-20.24.48-800x533.jpeg 800w\" sizes=\"auto, (max-width: 984px) 100vw, 984px\" \/><\/figure>\n\n\n\n<p> <\/p>\n","protected":false},"excerpt":{"rendered":"<p>A Prefeitura de Fortaleza voltou a agendar a vacina\u00e7\u00e3o de pessoas que estavam a espera da segunda dose da AstraZeneca, nesta quarta-feira, dia 27 de outubro. Por falta de doses, foram sete dias sem agendamento da segunda dose da vacina AstraZeneca na Capital. O reagendamento ocorre em meio ao atraso na vacina\u00e7\u00e3o de muitos cearenses com a dose dois do imunizante.&nbsp; O Governo do Cear\u00e1 cobra o Minist\u00e9rio da Sa\u00fade por mais doses da AstraZeneca. &#8220;Conversei por telefone com&hellip;<\/p>\n","protected":false},"author":1,"featured_media":23199,"comment_status":"open","ping_status":"open","sticky":false,"template":"","format":"standard","meta":{"footnotes":""},"categories":[1],"tags":[],"class_list":["post-23198","post","type-post","status-publish","format-standard","has-post-thumbnail","hentry","category-noticias"],"_links":{"self":[{"href":"https:\/\/blogdorogeriogomes.com.br\/noticias\/wp-json\/wp\/v2\/posts\/23198","targetHints":{"allow":["GET"]}}],"collection":[{"href":"https:\/\/blogdorogeriogomes.com.br\/noticias\/wp-json\/wp\/v2\/posts"}],"about":[{"href":"https:\/\/blogdorogeriogomes.com.br\/noticias\/wp-json\/wp\/v2\/types\/post"}],"author":[{"embeddable":true,"href":"https:\/\/blogdorogeriogomes.com.br\/noticias\/wp-json\/wp\/v2\/users\/1"}],"replies":[{"embeddable":true,"href":"https:\/\/blogdorogeriogomes.com.br\/noticias\/wp-json\/wp\/v2\/comments?post=23198"}],"version-history":[{"count":2,"href":"https:\/\/blogdorogeriogomes.com.br\/noticias\/wp-json\/wp\/v2\/posts\/23198\/revisions"}],"predecessor-version":[{"id":23225,"href":"https:\/\/blogdorogeriogomes.com.br\/noticias\/wp-json\/wp\/v2\/posts\/23198\/revisions\/23225"}],"wp:featuredmedia":[{"embeddable":true,"href":"https:\/\/blogdorogeriogomes.com.br\/noticias\/wp-json\/wp\/v2\/media\/23199"}],"wp:attachment":[{"href":"https:\/\/blogdorogeriogomes.com.br\/noticias\/wp-json\/wp\/v2\/media?parent=23198"}],"wp:term":[{"taxonomy":"category","embeddable":true,"href":"https:\/\/blogdorogeriogomes.com.br\/noticias\/wp-json\/wp\/v2\/categories?post=23198"},{"taxonomy":"post_tag","embeddable":true,"href":"https:\/\/blogdorogeriogomes.com.br\/noticias\/wp-json\/wp\/v2\/tags?post=23198"}],"curies":[{"name":"wp","href":"https:\/\/api.w.org\/{rel}","templated":true}]}}