{"id":23208,"date":"2021-10-27T21:19:25","date_gmt":"2021-10-27T21:19:25","guid":{"rendered":"https:\/\/blogdorogeriogomes.com.br\/?p=23208"},"modified":"2021-10-28T14:12:11","modified_gmt":"2021-10-28T14:12:11","slug":"evandro-leitao-autoriza-obras-nesta-quinta-feira-nas-regioes-do-cariri-e-centro-sul","status":"publish","type":"post","link":"https:\/\/blogdorogeriogomes.com.br\/noticias\/2021\/10\/evandro-leitao-autoriza-obras-nesta-quinta-feira-nas-regioes-do-cariri-e-centro-sul\/","title":{"rendered":"Evandro Leit\u00e3o autoriza obras nesta quinta-feira nas regi\u00f5es do Cariri e Centro-Sul"},"content":{"rendered":"\n<p>O governador em exerc\u00edcio do Cear\u00e1, Evandro Leit\u00e3o, autoriza obras nas regi\u00f5es do Cariri e no Centro-Sul nesta quinta-feira, dia 28 de outubro. As visitas aos munic\u00edpios ser\u00e3o para autorizar a constru\u00e7\u00e3o de areninhas e obras de infraestrutura de tr\u00e2nsito, al\u00e9m da inaugura\u00e7\u00e3o de uma adutora. Em Juazeiro do Norte, \u00e0s 8h30min, Evandro Leit\u00e3o conceder\u00e1 uma coletiva \u00e0 imprensa na base da Coordenadoria Integrada de Opera\u00e7\u00f5es A\u00e9reas (Ciopaer).<\/p>\n\n\n\n<p>Em Barbalha, a partir das 9 horas, ocorrer\u00e1 a assinatura de ordem de servi\u00e7o para constru\u00e7\u00e3o de tr\u00eas areninhas. Na sequ\u00eancia, a comitiva do Executivo seguir\u00e1 para eventos no Crato e em Juazeiro do Norte, para autoriza\u00e7\u00e3o de obras do Programa Sinalize, parceria entre Governo do Cear\u00e1 e prefeituras para implantar melhorias no tr\u00e2nsito com o intuito de reduzir acidentes nas vias urbanas municipais.<\/p>\n\n\n\n<p>Ainda na tarde de quinta-feira, o governador visitar\u00e1 Iguatu para mais uma assinatura da ordem de servi\u00e7o do Sinalize e tamb\u00e9m para obras na Avenida Perimetral da cidade. O dia de compromissos na regi\u00e3o ser\u00e1 encerrado no Cedro, com inaugura\u00e7\u00e3o de uma adutora.<\/p>\n\n\n\n<p>Presidente da Assembleia Legislativa do Estado do Cear\u00e1, o deputado Evandro Leit\u00e3o cumpre per\u00edodo de sete dias \u00e0 frente interinamente do Governo do Cear\u00e1, enquanto o governador Camilo Santana e a vice-governadora Izolda Cela est\u00e3o em compromisso no exterior.<\/p>\n\n\n\n<figure class=\"wp-block-image size-large\"><img loading=\"lazy\" decoding=\"async\" width=\"1024\" height=\"768\" src=\"https:\/\/blogdorogeriogomes.com.br\/wp-content\/uploads\/2021\/10\/211027_10.34.47-1200x900-1-1024x768.jpeg\" alt=\"\" class=\"wp-image-23209\" srcset=\"https:\/\/blogdorogeriogomes.com.br\/noticias\/wp-content\/uploads\/2021\/10\/211027_10.34.47-1200x900-1-1024x768.jpeg 1024w, https:\/\/blogdorogeriogomes.com.br\/noticias\/wp-content\/uploads\/2021\/10\/211027_10.34.47-1200x900-1-300x225.jpeg 300w, https:\/\/blogdorogeriogomes.com.br\/noticias\/wp-content\/uploads\/2021\/10\/211027_10.34.47-1200x900-1-768x576.jpeg 768w, https:\/\/blogdorogeriogomes.com.br\/noticias\/wp-content\/uploads\/2021\/10\/211027_10.34.47-1200x900-1-800x600.jpeg 800w, https:\/\/blogdorogeriogomes.com.br\/noticias\/wp-content\/uploads\/2021\/10\/211027_10.34.47-1200x900-1-400x300.jpeg 400w, https:\/\/blogdorogeriogomes.com.br\/noticias\/wp-content\/uploads\/2021\/10\/211027_10.34.47-1200x900-1.jpeg 1200w\" sizes=\"auto, (max-width: 1024px) 100vw, 1024px\" \/><\/figure>\n\n\n\n<p><\/p>\n","protected":false},"excerpt":{"rendered":"<p>O governador em exerc\u00edcio do Cear\u00e1, Evandro Leit\u00e3o, autoriza obras nas regi\u00f5es do Cariri e no Centro-Sul nesta quinta-feira, dia 28 de outubro. As visitas aos munic\u00edpios ser\u00e3o para autorizar a constru\u00e7\u00e3o de areninhas e obras de infraestrutura de tr\u00e2nsito, al\u00e9m da inaugura\u00e7\u00e3o de uma adutora. Em Juazeiro do Norte, \u00e0s 8h30min, Evandro Leit\u00e3o conceder\u00e1 uma coletiva \u00e0 imprensa na base da Coordenadoria Integrada de Opera\u00e7\u00f5es A\u00e9reas (Ciopaer). Em Barbalha, a partir das 9 horas, ocorrer\u00e1 a assinatura de&hellip;<\/p>\n","protected":false},"author":1,"featured_media":23209,"comment_status":"open","ping_status":"open","sticky":false,"template":"","format":"standard","meta":{"footnotes":""},"categories":[1],"tags":[],"class_list":["post-23208","post","type-post","status-publish","format-standard","has-post-thumbnail","hentry","category-noticias"],"_links":{"self":[{"href":"https:\/\/blogdorogeriogomes.com.br\/noticias\/wp-json\/wp\/v2\/posts\/23208","targetHints":{"allow":["GET"]}}],"collection":[{"href":"https:\/\/blogdorogeriogomes.com.br\/noticias\/wp-json\/wp\/v2\/posts"}],"about":[{"href":"https:\/\/blogdorogeriogomes.com.br\/noticias\/wp-json\/wp\/v2\/types\/post"}],"author":[{"embeddable":true,"href":"https:\/\/blogdorogeriogomes.com.br\/noticias\/wp-json\/wp\/v2\/users\/1"}],"replies":[{"embeddable":true,"href":"https:\/\/blogdorogeriogomes.com.br\/noticias\/wp-json\/wp\/v2\/comments?post=23208"}],"version-history":[{"count":1,"href":"https:\/\/blogdorogeriogomes.com.br\/noticias\/wp-json\/wp\/v2\/posts\/23208\/revisions"}],"predecessor-version":[{"id":23210,"href":"https:\/\/blogdorogeriogomes.com.br\/noticias\/wp-json\/wp\/v2\/posts\/23208\/revisions\/23210"}],"wp:featuredmedia":[{"embeddable":true,"href":"https:\/\/blogdorogeriogomes.com.br\/noticias\/wp-json\/wp\/v2\/media\/23209"}],"wp:attachment":[{"href":"https:\/\/blogdorogeriogomes.com.br\/noticias\/wp-json\/wp\/v2\/media?parent=23208"}],"wp:term":[{"taxonomy":"category","embeddable":true,"href":"https:\/\/blogdorogeriogomes.com.br\/noticias\/wp-json\/wp\/v2\/categories?post=23208"},{"taxonomy":"post_tag","embeddable":true,"href":"https:\/\/blogdorogeriogomes.com.br\/noticias\/wp-json\/wp\/v2\/tags?post=23208"}],"curies":[{"name":"wp","href":"https:\/\/api.w.org\/{rel}","templated":true}]}}