{"id":23211,"date":"2021-10-27T21:46:23","date_gmt":"2021-10-27T21:46:23","guid":{"rendered":"https:\/\/blogdorogeriogomes.com.br\/?p=23211"},"modified":"2021-10-28T14:12:01","modified_gmt":"2021-10-28T14:12:01","slug":"jose-sarto-entrega-novo-terminal-aberto-de-onibus-da-avenida-washington-soares","status":"publish","type":"post","link":"https:\/\/blogdorogeriogomes.com.br\/noticias\/2021\/10\/jose-sarto-entrega-novo-terminal-aberto-de-onibus-da-avenida-washington-soares\/","title":{"rendered":"Jos\u00e9 Sarto entrega novo terminal aberto de \u00f4nibus da avenida Washington Soares"},"content":{"rendered":"\n<p>O prefeito de Fortaleza, Jos\u00e9 Sarto, inaugurou, nesta quarta-feira, dia 27 de outubro, a opera\u00e7\u00e3o do terminal aberto de \u00f4nibus da avenida Washington Soares, no bairro Alagadi\u00e7o Novo. O novo equipamento do Sistema de Transporte P\u00fablico visa ampliar o servi\u00e7o na Capital, permitindo otimizar as integra\u00e7\u00f5es, reduzir os trajetos e o tempo de viagem. O equipamento deve garantir mais rapidez aos usu\u00e1rios de bairros como Jos\u00e9 de Alencar, Cambeba, Messejana e Curi\u00f3.<\/p>\n\n\n\n<p>A integra\u00e7\u00e3o no novo espa\u00e7o ser\u00e1 realizada somente por meio de cart\u00f5es, como Bilhete \u00danico ou carteira estudantil com cr\u00e9ditos. A localiza\u00e7\u00e3o estrat\u00e9gica do novo terminal, em um ponto intermedi\u00e1rio entre os terminais de Messejana e Papicu, permite a melhor capilariza\u00e7\u00e3o das linhas locais por meio da integra\u00e7\u00e3o temporal por Bilhete \u00danico, em que se pode pegar quantas linhas quiser, no intervalo de duas horas, pagando apenas uma tarifa.<\/p>\n\n\n\n<figure class=\"wp-block-image size-large\"><img loading=\"lazy\" decoding=\"async\" width=\"984\" height=\"539\" src=\"https:\/\/blogdorogeriogomes.com.br\/wp-content\/uploads\/2021\/10\/whatsapp-image-2021-10-27-at-14.38.07.jpeg\" alt=\"\" class=\"wp-image-23213\" srcset=\"https:\/\/blogdorogeriogomes.com.br\/noticias\/wp-content\/uploads\/2021\/10\/whatsapp-image-2021-10-27-at-14.38.07.jpeg 984w, https:\/\/blogdorogeriogomes.com.br\/noticias\/wp-content\/uploads\/2021\/10\/whatsapp-image-2021-10-27-at-14.38.07-300x164.jpeg 300w, https:\/\/blogdorogeriogomes.com.br\/noticias\/wp-content\/uploads\/2021\/10\/whatsapp-image-2021-10-27-at-14.38.07-768x421.jpeg 768w, https:\/\/blogdorogeriogomes.com.br\/noticias\/wp-content\/uploads\/2021\/10\/whatsapp-image-2021-10-27-at-14.38.07-800x438.jpeg 800w\" sizes=\"auto, (max-width: 984px) 100vw, 984px\" \/><\/figure>\n","protected":false},"excerpt":{"rendered":"<p>O prefeito de Fortaleza, Jos\u00e9 Sarto, inaugurou, nesta quarta-feira, dia 27 de outubro, a opera\u00e7\u00e3o do terminal aberto de \u00f4nibus da avenida Washington Soares, no bairro Alagadi\u00e7o Novo. O novo equipamento do Sistema de Transporte P\u00fablico visa ampliar o servi\u00e7o na Capital, permitindo otimizar as integra\u00e7\u00f5es, reduzir os trajetos e o tempo de viagem. O equipamento deve garantir mais rapidez aos usu\u00e1rios de bairros como Jos\u00e9 de Alencar, Cambeba, Messejana e Curi\u00f3. A integra\u00e7\u00e3o no novo espa\u00e7o ser\u00e1 realizada&hellip;<\/p>\n","protected":false},"author":1,"featured_media":23213,"comment_status":"open","ping_status":"open","sticky":false,"template":"","format":"standard","meta":{"footnotes":""},"categories":[1],"tags":[],"class_list":["post-23211","post","type-post","status-publish","format-standard","has-post-thumbnail","hentry","category-noticias"],"_links":{"self":[{"href":"https:\/\/blogdorogeriogomes.com.br\/noticias\/wp-json\/wp\/v2\/posts\/23211","targetHints":{"allow":["GET"]}}],"collection":[{"href":"https:\/\/blogdorogeriogomes.com.br\/noticias\/wp-json\/wp\/v2\/posts"}],"about":[{"href":"https:\/\/blogdorogeriogomes.com.br\/noticias\/wp-json\/wp\/v2\/types\/post"}],"author":[{"embeddable":true,"href":"https:\/\/blogdorogeriogomes.com.br\/noticias\/wp-json\/wp\/v2\/users\/1"}],"replies":[{"embeddable":true,"href":"https:\/\/blogdorogeriogomes.com.br\/noticias\/wp-json\/wp\/v2\/comments?post=23211"}],"version-history":[{"count":1,"href":"https:\/\/blogdorogeriogomes.com.br\/noticias\/wp-json\/wp\/v2\/posts\/23211\/revisions"}],"predecessor-version":[{"id":23214,"href":"https:\/\/blogdorogeriogomes.com.br\/noticias\/wp-json\/wp\/v2\/posts\/23211\/revisions\/23214"}],"wp:featuredmedia":[{"embeddable":true,"href":"https:\/\/blogdorogeriogomes.com.br\/noticias\/wp-json\/wp\/v2\/media\/23213"}],"wp:attachment":[{"href":"https:\/\/blogdorogeriogomes.com.br\/noticias\/wp-json\/wp\/v2\/media?parent=23211"}],"wp:term":[{"taxonomy":"category","embeddable":true,"href":"https:\/\/blogdorogeriogomes.com.br\/noticias\/wp-json\/wp\/v2\/categories?post=23211"},{"taxonomy":"post_tag","embeddable":true,"href":"https:\/\/blogdorogeriogomes.com.br\/noticias\/wp-json\/wp\/v2\/tags?post=23211"}],"curies":[{"name":"wp","href":"https:\/\/api.w.org\/{rel}","templated":true}]}}