{"id":23215,"date":"2021-10-28T11:01:47","date_gmt":"2021-10-28T11:01:47","guid":{"rendered":"https:\/\/blogdorogeriogomes.com.br\/?p=23215"},"modified":"2021-10-28T14:11:52","modified_gmt":"2021-10-28T14:11:52","slug":"chiquinho-feitosa-assume-vaga-no-senado-e-tasso-jereissati-se-engaja-na-campanha-de-eduardo-leite-nas-previas-do-psdb","status":"publish","type":"post","link":"https:\/\/blogdorogeriogomes.com.br\/noticias\/2021\/10\/chiquinho-feitosa-assume-vaga-no-senado-e-tasso-jereissati-se-engaja-na-campanha-de-eduardo-leite-nas-previas-do-psdb\/","title":{"rendered":"Chiquinho Feitosa assume vaga no Senado e Tasso Jereissati se engaja na campanha de Eduardo Leite nas pr\u00e9vias do PSDB"},"content":{"rendered":"\n<p>O Senado Federal confirmou a posse do senador cearense Chiquinho Feitosa (DEM) diante da licen\u00e7a de Tasso Jereissati (PSDB). Tasso vai se engajar na campanha do governador do Rio Grande do Sul, Eduardo Leite (PSDB), na luta para ser o candidato tucano \u00e0 Presidente da Rep\u00fablica em 2022. Leite vai disputar \u00e0s pr\u00e9vias do PSDB com o governador de S\u00e3o Paulo, Jo\u00e3o D\u00f3ria, e com o ex-prefeito de Manaus, Arthur Virg\u00edlio Neto.<\/p>\n\n\n\n<p>Para Chiquinho Feitosa, a posse no Senado tem representatividade pol\u00edtica no momento em que ele busca assumir o comando estadual do novo partido Uni\u00e3o Brasil, fruto da fus\u00e3o do DEM com o PSL. No Cear\u00e1, apoiadores e opositores do presidente Jair Bolsonaro lutam pelo comando da nova agremia\u00e7\u00e3o. O deputado federal Capit\u00e3o Wagner tamb\u00e9m tenta ficar \u00e0 frente da legenda em n\u00edvel estadual.<\/p>\n\n\n\n<figure class=\"wp-block-image size-large\"><img loading=\"lazy\" decoding=\"async\" width=\"418\" height=\"314\" src=\"https:\/\/blogdorogeriogomes.com.br\/wp-content\/uploads\/2021\/10\/Tasso.jpg\" alt=\"\" class=\"wp-image-23216\" srcset=\"https:\/\/blogdorogeriogomes.com.br\/noticias\/wp-content\/uploads\/2021\/10\/Tasso.jpg 418w, https:\/\/blogdorogeriogomes.com.br\/noticias\/wp-content\/uploads\/2021\/10\/Tasso-300x225.jpg 300w, https:\/\/blogdorogeriogomes.com.br\/noticias\/wp-content\/uploads\/2021\/10\/Tasso-400x300.jpg 400w\" sizes=\"auto, (max-width: 418px) 100vw, 418px\" \/><\/figure>\n","protected":false},"excerpt":{"rendered":"<p>O Senado Federal confirmou a posse do senador cearense Chiquinho Feitosa (DEM) diante da licen\u00e7a de Tasso Jereissati (PSDB). Tasso vai se engajar na campanha do governador do Rio Grande do Sul, Eduardo Leite (PSDB), na luta para ser o candidato tucano \u00e0 Presidente da Rep\u00fablica em 2022. Leite vai disputar \u00e0s pr\u00e9vias do PSDB com o governador de S\u00e3o Paulo, Jo\u00e3o D\u00f3ria, e com o ex-prefeito de Manaus, Arthur Virg\u00edlio Neto. Para Chiquinho Feitosa, a posse no Senado&hellip;<\/p>\n","protected":false},"author":1,"featured_media":23216,"comment_status":"open","ping_status":"open","sticky":false,"template":"","format":"standard","meta":{"footnotes":""},"categories":[1],"tags":[],"class_list":["post-23215","post","type-post","status-publish","format-standard","has-post-thumbnail","hentry","category-noticias"],"_links":{"self":[{"href":"https:\/\/blogdorogeriogomes.com.br\/noticias\/wp-json\/wp\/v2\/posts\/23215","targetHints":{"allow":["GET"]}}],"collection":[{"href":"https:\/\/blogdorogeriogomes.com.br\/noticias\/wp-json\/wp\/v2\/posts"}],"about":[{"href":"https:\/\/blogdorogeriogomes.com.br\/noticias\/wp-json\/wp\/v2\/types\/post"}],"author":[{"embeddable":true,"href":"https:\/\/blogdorogeriogomes.com.br\/noticias\/wp-json\/wp\/v2\/users\/1"}],"replies":[{"embeddable":true,"href":"https:\/\/blogdorogeriogomes.com.br\/noticias\/wp-json\/wp\/v2\/comments?post=23215"}],"version-history":[{"count":1,"href":"https:\/\/blogdorogeriogomes.com.br\/noticias\/wp-json\/wp\/v2\/posts\/23215\/revisions"}],"predecessor-version":[{"id":23217,"href":"https:\/\/blogdorogeriogomes.com.br\/noticias\/wp-json\/wp\/v2\/posts\/23215\/revisions\/23217"}],"wp:featuredmedia":[{"embeddable":true,"href":"https:\/\/blogdorogeriogomes.com.br\/noticias\/wp-json\/wp\/v2\/media\/23216"}],"wp:attachment":[{"href":"https:\/\/blogdorogeriogomes.com.br\/noticias\/wp-json\/wp\/v2\/media?parent=23215"}],"wp:term":[{"taxonomy":"category","embeddable":true,"href":"https:\/\/blogdorogeriogomes.com.br\/noticias\/wp-json\/wp\/v2\/categories?post=23215"},{"taxonomy":"post_tag","embeddable":true,"href":"https:\/\/blogdorogeriogomes.com.br\/noticias\/wp-json\/wp\/v2\/tags?post=23215"}],"curies":[{"name":"wp","href":"https:\/\/api.w.org\/{rel}","templated":true}]}}