{"id":23233,"date":"2021-10-29T10:30:15","date_gmt":"2021-10-29T10:30:15","guid":{"rendered":"https:\/\/blogdorogeriogomes.com.br\/?p=23233"},"modified":"2021-10-30T15:44:35","modified_gmt":"2021-10-30T15:44:35","slug":"ceara-recebe-343-mil-doses-da-pfizer-e-da-astrazeneca-nesta-sexta-feira","status":"publish","type":"post","link":"https:\/\/blogdorogeriogomes.com.br\/noticias\/2021\/10\/ceara-recebe-343-mil-doses-da-pfizer-e-da-astrazeneca-nesta-sexta-feira\/","title":{"rendered":"Cear\u00e1 recebe 343 mil doses da Pfizer e da AstraZeneca nesta sexta-feira"},"content":{"rendered":"\n<p>A Secretaria de Sa\u00fade do Cear\u00e1 recebe nesta sexta-feira, dia 29 de outubro,&nbsp;205.250 doses da vacina AstraZeneca e 138.060 doses de imunizantes da Pfizer. Os dois lotes das vacinas contra a Covid-19, que si ser\u00e3o utilizados para a aplica\u00e7\u00e3o da segunda dose em todos os munic\u00edpios do Cear\u00e1.<\/p>\n\n\n\n<p>O governador Camilo Santana, mesmo no Exterior, tinha solicitado ao Minist\u00e9rio da Sa\u00fade no meio de semana um refor\u00e7o no fornecimento das vacinas, j\u00e1 que havia car\u00eancia do imunizante AstraZeneca em Fortaleza e no interior.<\/p>\n\n\n\n<p>&#8220;A chegada est\u00e1 prevista para as 11h25min, de acordo com o Minist\u00e9rio da Sa\u00fade. Al\u00e9m disso, tamb\u00e9m nesta sexta-feira, vamos receber 138.060 doses da Pfizer, \u00e0s 12h20min. N\u00e3o vou descansar um minuto at\u00e9 que todos os cearenses sejam vacinados&#8221;, disse Camilo Santana.<\/p>\n\n\n\n<figure class=\"wp-block-image size-large\"><img loading=\"lazy\" decoding=\"async\" width=\"984\" height=\"656\" src=\"https:\/\/blogdorogeriogomes.com.br\/wp-content\/uploads\/2021\/10\/vacina-centro-armazenamento.jpg\" alt=\"\" class=\"wp-image-23234\" srcset=\"https:\/\/blogdorogeriogomes.com.br\/noticias\/wp-content\/uploads\/2021\/10\/vacina-centro-armazenamento.jpg 984w, https:\/\/blogdorogeriogomes.com.br\/noticias\/wp-content\/uploads\/2021\/10\/vacina-centro-armazenamento-300x200.jpg 300w, https:\/\/blogdorogeriogomes.com.br\/noticias\/wp-content\/uploads\/2021\/10\/vacina-centro-armazenamento-768x512.jpg 768w, https:\/\/blogdorogeriogomes.com.br\/noticias\/wp-content\/uploads\/2021\/10\/vacina-centro-armazenamento-800x533.jpg 800w\" sizes=\"auto, (max-width: 984px) 100vw, 984px\" \/><\/figure>\n","protected":false},"excerpt":{"rendered":"<p>A Secretaria de Sa\u00fade do Cear\u00e1 recebe nesta sexta-feira, dia 29 de outubro,&nbsp;205.250 doses da vacina AstraZeneca e 138.060 doses de imunizantes da Pfizer. Os dois lotes das vacinas contra a Covid-19, que si ser\u00e3o utilizados para a aplica\u00e7\u00e3o da segunda dose em todos os munic\u00edpios do Cear\u00e1. O governador Camilo Santana, mesmo no Exterior, tinha solicitado ao Minist\u00e9rio da Sa\u00fade no meio de semana um refor\u00e7o no fornecimento das vacinas, j\u00e1 que havia car\u00eancia do imunizante AstraZeneca em&hellip;<\/p>\n","protected":false},"author":1,"featured_media":23234,"comment_status":"open","ping_status":"open","sticky":false,"template":"","format":"standard","meta":{"footnotes":""},"categories":[1],"tags":[],"class_list":["post-23233","post","type-post","status-publish","format-standard","has-post-thumbnail","hentry","category-noticias"],"_links":{"self":[{"href":"https:\/\/blogdorogeriogomes.com.br\/noticias\/wp-json\/wp\/v2\/posts\/23233","targetHints":{"allow":["GET"]}}],"collection":[{"href":"https:\/\/blogdorogeriogomes.com.br\/noticias\/wp-json\/wp\/v2\/posts"}],"about":[{"href":"https:\/\/blogdorogeriogomes.com.br\/noticias\/wp-json\/wp\/v2\/types\/post"}],"author":[{"embeddable":true,"href":"https:\/\/blogdorogeriogomes.com.br\/noticias\/wp-json\/wp\/v2\/users\/1"}],"replies":[{"embeddable":true,"href":"https:\/\/blogdorogeriogomes.com.br\/noticias\/wp-json\/wp\/v2\/comments?post=23233"}],"version-history":[{"count":2,"href":"https:\/\/blogdorogeriogomes.com.br\/noticias\/wp-json\/wp\/v2\/posts\/23233\/revisions"}],"predecessor-version":[{"id":23251,"href":"https:\/\/blogdorogeriogomes.com.br\/noticias\/wp-json\/wp\/v2\/posts\/23233\/revisions\/23251"}],"wp:featuredmedia":[{"embeddable":true,"href":"https:\/\/blogdorogeriogomes.com.br\/noticias\/wp-json\/wp\/v2\/media\/23234"}],"wp:attachment":[{"href":"https:\/\/blogdorogeriogomes.com.br\/noticias\/wp-json\/wp\/v2\/media?parent=23233"}],"wp:term":[{"taxonomy":"category","embeddable":true,"href":"https:\/\/blogdorogeriogomes.com.br\/noticias\/wp-json\/wp\/v2\/categories?post=23233"},{"taxonomy":"post_tag","embeddable":true,"href":"https:\/\/blogdorogeriogomes.com.br\/noticias\/wp-json\/wp\/v2\/tags?post=23233"}],"curies":[{"name":"wp","href":"https:\/\/api.w.org\/{rel}","templated":true}]}}