{"id":23254,"date":"2021-10-31T15:16:13","date_gmt":"2021-10-31T15:16:13","guid":{"rendered":"https:\/\/blogdorogeriogomes.com.br\/?p=23254"},"modified":"2021-11-01T16:10:05","modified_gmt":"2021-11-01T16:10:05","slug":"governo-federal-deposita-neste-domingo-a-ultima-parcela-do-auxilio-emergencial-em-meio-as-incertezas-do-novo-auxilio-brasil","status":"publish","type":"post","link":"https:\/\/blogdorogeriogomes.com.br\/noticias\/2021\/10\/governo-federal-deposita-neste-domingo-a-ultima-parcela-do-auxilio-emergencial-em-meio-as-incertezas-do-novo-auxilio-brasil\/","title":{"rendered":"Governo Federal deposita neste domingo a \u00faltima parcela do aux\u00edlio emergencial em meio \u00e0s incertezas do novo Aux\u00edlio Brasil"},"content":{"rendered":"\n<p>O Governo Federal paga neste domingo, dia 31 de dezembro, a \u00faltima parcela do aux\u00edlio emergencial, criado durante a pandemia da Covid-19 para ajudar a camada mais pobre da popula\u00e7\u00e3o. Ao longo de 19 meses do programa foram pagas nove parcelas. No in\u00edcio, cerca de 67 milh\u00f5es de pessoas receberam parcelas de R$ 600. O aux\u00edlio foi minguando e nas \u00faltimas parcelas s\u00f3 beneficiou 25 milh\u00f5es de trabalhadores com repasses de apenas R$ 200.<\/p>\n\n\n\n<p>O problema \u00e9 que o Governo Federal deu fim ao Bolsa Fam\u00edlia na semana que passou e ainda vive a incerteza de garantir os recursos para o novo Aux\u00edlio Brasil. A partir desta segunda-feira, dia 1\u00b0 de novembro, cerca de 22 milh\u00f5es de pessoas estar\u00e3o desamparadas e sem qualquer ajuda. O significado disso \u00e9 a inseguran\u00e7a de n\u00e3o ter nenhum recurso para se alimentar e pagar as contas, em meio a um pa\u00eds onde a taxa de desemprego \u00e9 de quase 14 milh\u00f5es de trabalhadores.<\/p>\n\n\n\n<figure class=\"wp-block-image size-large\"><img loading=\"lazy\" decoding=\"async\" width=\"640\" height=\"480\" src=\"https:\/\/blogdorogeriogomes.com.br\/wp-content\/uploads\/2021\/10\/images-1.jpeg\" alt=\"\" class=\"wp-image-23255\" srcset=\"https:\/\/blogdorogeriogomes.com.br\/noticias\/wp-content\/uploads\/2021\/10\/images-1.jpeg 640w, https:\/\/blogdorogeriogomes.com.br\/noticias\/wp-content\/uploads\/2021\/10\/images-1-300x225.jpeg 300w, https:\/\/blogdorogeriogomes.com.br\/noticias\/wp-content\/uploads\/2021\/10\/images-1-400x300.jpeg 400w\" sizes=\"auto, (max-width: 640px) 100vw, 640px\" \/><\/figure>\n","protected":false},"excerpt":{"rendered":"<p>O Governo Federal paga neste domingo, dia 31 de dezembro, a \u00faltima parcela do aux\u00edlio emergencial, criado durante a pandemia da Covid-19 para ajudar a camada mais pobre da popula\u00e7\u00e3o. Ao longo de 19 meses do programa foram pagas nove parcelas. No in\u00edcio, cerca de 67 milh\u00f5es de pessoas receberam parcelas de R$ 600. O aux\u00edlio foi minguando e nas \u00faltimas parcelas s\u00f3 beneficiou 25 milh\u00f5es de trabalhadores com repasses de apenas R$ 200. O problema \u00e9 que o&hellip;<\/p>\n","protected":false},"author":1,"featured_media":23255,"comment_status":"open","ping_status":"open","sticky":false,"template":"","format":"standard","meta":{"footnotes":""},"categories":[1],"tags":[],"class_list":["post-23254","post","type-post","status-publish","format-standard","has-post-thumbnail","hentry","category-noticias"],"_links":{"self":[{"href":"https:\/\/blogdorogeriogomes.com.br\/noticias\/wp-json\/wp\/v2\/posts\/23254","targetHints":{"allow":["GET"]}}],"collection":[{"href":"https:\/\/blogdorogeriogomes.com.br\/noticias\/wp-json\/wp\/v2\/posts"}],"about":[{"href":"https:\/\/blogdorogeriogomes.com.br\/noticias\/wp-json\/wp\/v2\/types\/post"}],"author":[{"embeddable":true,"href":"https:\/\/blogdorogeriogomes.com.br\/noticias\/wp-json\/wp\/v2\/users\/1"}],"replies":[{"embeddable":true,"href":"https:\/\/blogdorogeriogomes.com.br\/noticias\/wp-json\/wp\/v2\/comments?post=23254"}],"version-history":[{"count":1,"href":"https:\/\/blogdorogeriogomes.com.br\/noticias\/wp-json\/wp\/v2\/posts\/23254\/revisions"}],"predecessor-version":[{"id":23256,"href":"https:\/\/blogdorogeriogomes.com.br\/noticias\/wp-json\/wp\/v2\/posts\/23254\/revisions\/23256"}],"wp:featuredmedia":[{"embeddable":true,"href":"https:\/\/blogdorogeriogomes.com.br\/noticias\/wp-json\/wp\/v2\/media\/23255"}],"wp:attachment":[{"href":"https:\/\/blogdorogeriogomes.com.br\/noticias\/wp-json\/wp\/v2\/media?parent=23254"}],"wp:term":[{"taxonomy":"category","embeddable":true,"href":"https:\/\/blogdorogeriogomes.com.br\/noticias\/wp-json\/wp\/v2\/categories?post=23254"},{"taxonomy":"post_tag","embeddable":true,"href":"https:\/\/blogdorogeriogomes.com.br\/noticias\/wp-json\/wp\/v2\/tags?post=23254"}],"curies":[{"name":"wp","href":"https:\/\/api.w.org\/{rel}","templated":true}]}}