{"id":23257,"date":"2021-11-01T14:17:52","date_gmt":"2021-11-01T14:17:52","guid":{"rendered":"https:\/\/blogdorogeriogomes.com.br\/?p=23257"},"modified":"2021-11-01T16:09:10","modified_gmt":"2021-11-01T16:09:10","slug":"isolado-politicamente-do-mundo-bolsonaro-encerra-participacao-no-g-20-com-agressao-covarde-a-jornalistas","status":"publish","type":"post","link":"https:\/\/blogdorogeriogomes.com.br\/noticias\/2021\/11\/isolado-politicamente-do-mundo-bolsonaro-encerra-participacao-no-g-20-com-agressao-covarde-a-jornalistas\/","title":{"rendered":"Isolado politicamente do mundo, Bolsonaro encerra participa\u00e7\u00e3o no G-20 com agress\u00e3o covarde a jornalistas"},"content":{"rendered":"\n<p>A presen\u00e7a de Jair Bolsonaro na reuni\u00e3o do G-20 foi marcada pelo isolamento pol\u00edtico do presidente brasileiro diante do mundo. N\u00e3o houve encontros bilaterais e Bolsonaro n\u00e3o conseguiu engatar nenhum di\u00e1logo com os principais chefes de estado de pa\u00edses importantes. Tudo fruto de uma pol\u00edtica internacional equivocada e do desrespeito com o meio ambiente e com os direitos humanos, al\u00e9m da prote\u00e7\u00e3o de ind\u00edgenas. Jair Bolsonaro ainda teve a coragem de, numa roda de l\u00edderes mundiais, mentir sobre a economia do pa\u00eds, sobre sua popularidade em baixa e tamb\u00e9m sobre a Petrobras.<\/p>\n\n\n\n<p>O presidente brasileiro, ao contr\u00e1rio dos principais l\u00edderes do mundo, n\u00e3o vai participar da Confer\u00eancia das Na\u00e7\u00f5es Unidas sobre Mudan\u00e7as Clim\u00e1ticas de 2021 (COP26), aberta nesta segunda-feira, dia 1\u00b0 de novembro, em Glasgow, na Esc\u00f3cia. Simplesmente, porque o Brasil n\u00e3o tem plano nenhum para diminuir os n\u00edveis de destrui\u00e7\u00e3o e devasta\u00e7\u00e3o da Amaz\u00f4nia, al\u00e9m da emiss\u00e3o de carbono.<\/p>\n\n\n\n<p>Por outro lado, 10 governadores est\u00e3o na COP26 apresentar sua pr\u00f3pria pauta verde. Entre eles, o governador do Cear\u00e1, Camilo Santana. Um cons\u00f3rcio formado por governadores pretende fazer o contraponto \u00e0 imagem de negacionista ambiental do governo federal.<\/p>\n\n\n\n<p>Bolsonaro preferiu ir passear pela It\u00e1lia, onde de forma lament\u00e1vel, sua seguran\u00e7a resolveu agredir e intimidar jornalistas brasileiros que registravam um dos seus passeios por Roma.  Este \u00e9 o saldo da sua ida ao Exterior.<br><\/p>\n\n\n\n<figure class=\"wp-block-image size-large\"><img loading=\"lazy\" decoding=\"async\" width=\"995\" height=\"664\" src=\"https:\/\/blogdorogeriogomes.com.br\/wp-content\/uploads\/2021\/11\/captura_de_tela_2021-11-01_as_09.57.25.jpeg\" alt=\"\" class=\"wp-image-23258\" srcset=\"https:\/\/blogdorogeriogomes.com.br\/noticias\/wp-content\/uploads\/2021\/11\/captura_de_tela_2021-11-01_as_09.57.25.jpeg 995w, https:\/\/blogdorogeriogomes.com.br\/noticias\/wp-content\/uploads\/2021\/11\/captura_de_tela_2021-11-01_as_09.57.25-300x200.jpeg 300w, https:\/\/blogdorogeriogomes.com.br\/noticias\/wp-content\/uploads\/2021\/11\/captura_de_tela_2021-11-01_as_09.57.25-768x513.jpeg 768w, https:\/\/blogdorogeriogomes.com.br\/noticias\/wp-content\/uploads\/2021\/11\/captura_de_tela_2021-11-01_as_09.57.25-800x534.jpeg 800w\" sizes=\"auto, (max-width: 995px) 100vw, 995px\" \/><\/figure>\n","protected":false},"excerpt":{"rendered":"<p>A presen\u00e7a de Jair Bolsonaro na reuni\u00e3o do G-20 foi marcada pelo isolamento pol\u00edtico do presidente brasileiro diante do mundo. N\u00e3o houve encontros bilaterais e Bolsonaro n\u00e3o conseguiu engatar nenhum di\u00e1logo com os principais chefes de estado de pa\u00edses importantes. Tudo fruto de uma pol\u00edtica internacional equivocada e do desrespeito com o meio ambiente e com os direitos humanos, al\u00e9m da prote\u00e7\u00e3o de ind\u00edgenas. Jair Bolsonaro ainda teve a coragem de, numa roda de l\u00edderes mundiais, mentir sobre a&hellip;<\/p>\n","protected":false},"author":1,"featured_media":23258,"comment_status":"open","ping_status":"open","sticky":false,"template":"","format":"standard","meta":{"footnotes":""},"categories":[1],"tags":[],"class_list":["post-23257","post","type-post","status-publish","format-standard","has-post-thumbnail","hentry","category-noticias"],"_links":{"self":[{"href":"https:\/\/blogdorogeriogomes.com.br\/noticias\/wp-json\/wp\/v2\/posts\/23257","targetHints":{"allow":["GET"]}}],"collection":[{"href":"https:\/\/blogdorogeriogomes.com.br\/noticias\/wp-json\/wp\/v2\/posts"}],"about":[{"href":"https:\/\/blogdorogeriogomes.com.br\/noticias\/wp-json\/wp\/v2\/types\/post"}],"author":[{"embeddable":true,"href":"https:\/\/blogdorogeriogomes.com.br\/noticias\/wp-json\/wp\/v2\/users\/1"}],"replies":[{"embeddable":true,"href":"https:\/\/blogdorogeriogomes.com.br\/noticias\/wp-json\/wp\/v2\/comments?post=23257"}],"version-history":[{"count":1,"href":"https:\/\/blogdorogeriogomes.com.br\/noticias\/wp-json\/wp\/v2\/posts\/23257\/revisions"}],"predecessor-version":[{"id":23259,"href":"https:\/\/blogdorogeriogomes.com.br\/noticias\/wp-json\/wp\/v2\/posts\/23257\/revisions\/23259"}],"wp:featuredmedia":[{"embeddable":true,"href":"https:\/\/blogdorogeriogomes.com.br\/noticias\/wp-json\/wp\/v2\/media\/23258"}],"wp:attachment":[{"href":"https:\/\/blogdorogeriogomes.com.br\/noticias\/wp-json\/wp\/v2\/media?parent=23257"}],"wp:term":[{"taxonomy":"category","embeddable":true,"href":"https:\/\/blogdorogeriogomes.com.br\/noticias\/wp-json\/wp\/v2\/categories?post=23257"},{"taxonomy":"post_tag","embeddable":true,"href":"https:\/\/blogdorogeriogomes.com.br\/noticias\/wp-json\/wp\/v2\/tags?post=23257"}],"curies":[{"name":"wp","href":"https:\/\/api.w.org\/{rel}","templated":true}]}}