{"id":23260,"date":"2021-11-01T15:42:53","date_gmt":"2021-11-01T15:42:53","guid":{"rendered":"https:\/\/blogdorogeriogomes.com.br\/?p=23260"},"modified":"2021-11-01T16:09:00","modified_gmt":"2021-11-01T16:09:00","slug":"greve-dos-caminhoneiros-e-enfraquecida-por-intervencao-da-justica-federal","status":"publish","type":"post","link":"https:\/\/blogdorogeriogomes.com.br\/noticias\/2021\/11\/greve-dos-caminhoneiros-e-enfraquecida-por-intervencao-da-justica-federal\/","title":{"rendered":"Greve dos caminhoneiros \u00e9 enfraquecida por interven\u00e7\u00e3o da Justi\u00e7a Federal"},"content":{"rendered":"\n<p>A greve dos caminhoneiros, prevista para esta segunda-feira, dia 1\u00b0 de novembro, foi enfraquecida por interven\u00e7\u00e3o da Justi\u00e7a Federal. Pelo menos 20 estados est\u00e3o proibidos de bloquear rodovias federais&nbsp;rodovias federais.&nbsp;A decis\u00e3o da Justi\u00e7a Federal atende a uma das&nbsp;35 a\u00e7\u00f5es&nbsp;do Governo Bolsonaro para manter a fluidez do tr\u00e2nsito nas BRs.<\/p>\n\n\n\n<p>Segundo l\u00edderes dos caminhoneiros, decis\u00f5es judiciais inibiram o fechamento de estradas, mas eles garantem que a paralisa\u00e7\u00e3o est\u00e1 acontecendo. Entre as reivindica\u00e7\u00f5es da categoria est\u00e3o a redu\u00e7\u00e3o no pre\u00e7o do diesel, o cumprimento do piso m\u00ednimo do frete e a volta da aposentadoria especial para a categoria.<\/p>\n\n\n\n<figure class=\"wp-block-image size-large\"><img loading=\"lazy\" decoding=\"async\" width=\"868\" height=\"488\" src=\"https:\/\/blogdorogeriogomes.com.br\/wp-content\/uploads\/2021\/11\/caminh-es.jpg\" alt=\"\" class=\"wp-image-23261\" srcset=\"https:\/\/blogdorogeriogomes.com.br\/noticias\/wp-content\/uploads\/2021\/11\/caminh-es.jpg 868w, https:\/\/blogdorogeriogomes.com.br\/noticias\/wp-content\/uploads\/2021\/11\/caminh-es-300x169.jpg 300w, https:\/\/blogdorogeriogomes.com.br\/noticias\/wp-content\/uploads\/2021\/11\/caminh-es-768x432.jpg 768w, https:\/\/blogdorogeriogomes.com.br\/noticias\/wp-content\/uploads\/2021\/11\/caminh-es-800x450.jpg 800w\" sizes=\"auto, (max-width: 868px) 100vw, 868px\" \/><\/figure>\n\n\n\n<p><br><\/p>\n","protected":false},"excerpt":{"rendered":"<p>A greve dos caminhoneiros, prevista para esta segunda-feira, dia 1\u00b0 de novembro, foi enfraquecida por interven\u00e7\u00e3o da Justi\u00e7a Federal. Pelo menos 20 estados est\u00e3o proibidos de bloquear rodovias federais&nbsp;rodovias federais.&nbsp;A decis\u00e3o da Justi\u00e7a Federal atende a uma das&nbsp;35 a\u00e7\u00f5es&nbsp;do Governo Bolsonaro para manter a fluidez do tr\u00e2nsito nas BRs. Segundo l\u00edderes dos caminhoneiros, decis\u00f5es judiciais inibiram o fechamento de estradas, mas eles garantem que a paralisa\u00e7\u00e3o est\u00e1 acontecendo. Entre as reivindica\u00e7\u00f5es da categoria est\u00e3o a redu\u00e7\u00e3o no pre\u00e7o do&hellip;<\/p>\n","protected":false},"author":1,"featured_media":23261,"comment_status":"open","ping_status":"open","sticky":false,"template":"","format":"standard","meta":{"footnotes":""},"categories":[1],"tags":[],"class_list":["post-23260","post","type-post","status-publish","format-standard","has-post-thumbnail","hentry","category-noticias"],"_links":{"self":[{"href":"https:\/\/blogdorogeriogomes.com.br\/noticias\/wp-json\/wp\/v2\/posts\/23260","targetHints":{"allow":["GET"]}}],"collection":[{"href":"https:\/\/blogdorogeriogomes.com.br\/noticias\/wp-json\/wp\/v2\/posts"}],"about":[{"href":"https:\/\/blogdorogeriogomes.com.br\/noticias\/wp-json\/wp\/v2\/types\/post"}],"author":[{"embeddable":true,"href":"https:\/\/blogdorogeriogomes.com.br\/noticias\/wp-json\/wp\/v2\/users\/1"}],"replies":[{"embeddable":true,"href":"https:\/\/blogdorogeriogomes.com.br\/noticias\/wp-json\/wp\/v2\/comments?post=23260"}],"version-history":[{"count":2,"href":"https:\/\/blogdorogeriogomes.com.br\/noticias\/wp-json\/wp\/v2\/posts\/23260\/revisions"}],"predecessor-version":[{"id":23263,"href":"https:\/\/blogdorogeriogomes.com.br\/noticias\/wp-json\/wp\/v2\/posts\/23260\/revisions\/23263"}],"wp:featuredmedia":[{"embeddable":true,"href":"https:\/\/blogdorogeriogomes.com.br\/noticias\/wp-json\/wp\/v2\/media\/23261"}],"wp:attachment":[{"href":"https:\/\/blogdorogeriogomes.com.br\/noticias\/wp-json\/wp\/v2\/media?parent=23260"}],"wp:term":[{"taxonomy":"category","embeddable":true,"href":"https:\/\/blogdorogeriogomes.com.br\/noticias\/wp-json\/wp\/v2\/categories?post=23260"},{"taxonomy":"post_tag","embeddable":true,"href":"https:\/\/blogdorogeriogomes.com.br\/noticias\/wp-json\/wp\/v2\/tags?post=23260"}],"curies":[{"name":"wp","href":"https:\/\/api.w.org\/{rel}","templated":true}]}}