{"id":23264,"date":"2021-11-01T20:15:41","date_gmt":"2021-11-01T20:15:41","guid":{"rendered":"https:\/\/blogdorogeriogomes.com.br\/?p=23264"},"modified":"2021-11-03T08:06:22","modified_gmt":"2021-11-03T08:06:22","slug":"move-ce-assembleia-legislativa-e-trendsce-lancam-iniciativa-para-acelerar-a-retomada-do-crescimento-economico-no-ceara","status":"publish","type":"post","link":"https:\/\/blogdorogeriogomes.com.br\/noticias\/2021\/11\/move-ce-assembleia-legislativa-e-trendsce-lancam-iniciativa-para-acelerar-a-retomada-do-crescimento-economico-no-ceara\/","title":{"rendered":"Move CE: Assembleia Legislativa e TrendsCE lan\u00e7am iniciativa para acelerar a retomada do crescimento econ\u00f4mico no Cear\u00e1"},"content":{"rendered":"\n<p>A Assembleia Legislativa realiza nesta quinta-feira, dia 4 de novembro, em parceria com a plataforma TrendsCE, o lan\u00e7amento do MOVE CE, iniciativa que promover\u00e1 di\u00e1logos e articula\u00e7\u00f5es que visam fortalecer a economia cearense e contribuir para a retomada do crescimento com gera\u00e7\u00e3o de emprego e renda. O evento ser\u00e1 \u00e0s 10 horas, no audit\u00f3rio Murilo Aguiar, com transmiss\u00e3o ao vivo pelo Youtube da TV Assembleia. \u00c0s 9h30min, haver\u00e1 uma entrevista coletiva no hall da entrada do Plen\u00e1rio 13 de Maio.<\/p>\n\n\n\n<p>O presidente da Assembleia Legislativa, Evandro Leit\u00e3o, explica que o projeto ouvir\u00e1 representantes do setor produtivo das 14 macrorregi\u00f5es do Estado. \u201cEste \u00e9 um momento importante para conhecer as demandas e acelerar o crescimento econ\u00f4mico e a gera\u00e7\u00e3o de empregos neste momento em que a pandemia perde for\u00e7a\u201d, afirma. \u201cIsto \u00e9 poss\u00edvel a partir da constru\u00e7\u00e3o de pontes entre atores da iniciativa privada e Poder P\u00fablico\u201d, comenta o presidente.<br>Segundo o presidente do Conselho de Altos Estudos e Assuntos Estrat\u00e9gicos da Casa, deputado Tin Gomes, esta \u00e9 uma forma de dialogar com atores da economia para conhecer os gargalos e as oportunidades. \u201cAlgumas demandas podem ser resolvidas com iniciativas legislativas ou mesmo a partir de articula\u00e7\u00e3o junto ao Poder Executivo\u201d, declara.<\/p>\n\n\n\n<p>O CEO da TrendsCE, Marcos Andr\u00e9 Borges, afirma que o projeto ir\u00e1 reunir, em uma plataforma virtual, documentos importantes, an\u00e1lises do cen\u00e1rio econ\u00f4mico e o passo a passo das conversas que ser\u00e3o realizadas com empres\u00e1rios e microempreendedores. \u201cA TrendsCE j\u00e1 tem expertise no assunto. A parceria com a Assembleia Legislativa, que ecoa as demandas do povo cearense, permite aprofundar os debates em torno da retomada do crescimento e evitar a recess\u00e3o econ\u00f4mica prevista nos progn\u00f3sticos para 2022\u201d, aponta. Ainda segundo ele, os detalhes da metodologia ser\u00e3o apresentados no lan\u00e7amento do projeto.<\/p>\n\n\n\n<figure class=\"wp-block-image size-large\"><img loading=\"lazy\" decoding=\"async\" width=\"678\" height=\"452\" src=\"https:\/\/blogdorogeriogomes.com.br\/wp-content\/uploads\/2021\/11\/images-2.jpeg\" alt=\"\" class=\"wp-image-23265\" srcset=\"https:\/\/blogdorogeriogomes.com.br\/noticias\/wp-content\/uploads\/2021\/11\/images-2.jpeg 678w, https:\/\/blogdorogeriogomes.com.br\/noticias\/wp-content\/uploads\/2021\/11\/images-2-300x200.jpeg 300w\" sizes=\"auto, (max-width: 678px) 100vw, 678px\" \/><\/figure>\n\n\n\n<p><\/p>\n","protected":false},"excerpt":{"rendered":"<p>A Assembleia Legislativa realiza nesta quinta-feira, dia 4 de novembro, em parceria com a plataforma TrendsCE, o lan\u00e7amento do MOVE CE, iniciativa que promover\u00e1 di\u00e1logos e articula\u00e7\u00f5es que visam fortalecer a economia cearense e contribuir para a retomada do crescimento com gera\u00e7\u00e3o de emprego e renda. O evento ser\u00e1 \u00e0s 10 horas, no audit\u00f3rio Murilo Aguiar, com transmiss\u00e3o ao vivo pelo Youtube da TV Assembleia. \u00c0s 9h30min, haver\u00e1 uma entrevista coletiva no hall da entrada do Plen\u00e1rio 13 de&hellip;<\/p>\n","protected":false},"author":1,"featured_media":23265,"comment_status":"open","ping_status":"open","sticky":false,"template":"","format":"standard","meta":{"footnotes":""},"categories":[1],"tags":[],"class_list":["post-23264","post","type-post","status-publish","format-standard","has-post-thumbnail","hentry","category-noticias"],"_links":{"self":[{"href":"https:\/\/blogdorogeriogomes.com.br\/noticias\/wp-json\/wp\/v2\/posts\/23264","targetHints":{"allow":["GET"]}}],"collection":[{"href":"https:\/\/blogdorogeriogomes.com.br\/noticias\/wp-json\/wp\/v2\/posts"}],"about":[{"href":"https:\/\/blogdorogeriogomes.com.br\/noticias\/wp-json\/wp\/v2\/types\/post"}],"author":[{"embeddable":true,"href":"https:\/\/blogdorogeriogomes.com.br\/noticias\/wp-json\/wp\/v2\/users\/1"}],"replies":[{"embeddable":true,"href":"https:\/\/blogdorogeriogomes.com.br\/noticias\/wp-json\/wp\/v2\/comments?post=23264"}],"version-history":[{"count":1,"href":"https:\/\/blogdorogeriogomes.com.br\/noticias\/wp-json\/wp\/v2\/posts\/23264\/revisions"}],"predecessor-version":[{"id":23266,"href":"https:\/\/blogdorogeriogomes.com.br\/noticias\/wp-json\/wp\/v2\/posts\/23264\/revisions\/23266"}],"wp:featuredmedia":[{"embeddable":true,"href":"https:\/\/blogdorogeriogomes.com.br\/noticias\/wp-json\/wp\/v2\/media\/23265"}],"wp:attachment":[{"href":"https:\/\/blogdorogeriogomes.com.br\/noticias\/wp-json\/wp\/v2\/media?parent=23264"}],"wp:term":[{"taxonomy":"category","embeddable":true,"href":"https:\/\/blogdorogeriogomes.com.br\/noticias\/wp-json\/wp\/v2\/categories?post=23264"},{"taxonomy":"post_tag","embeddable":true,"href":"https:\/\/blogdorogeriogomes.com.br\/noticias\/wp-json\/wp\/v2\/tags?post=23264"}],"curies":[{"name":"wp","href":"https:\/\/api.w.org\/{rel}","templated":true}]}}