{"id":23271,"date":"2021-11-02T12:16:53","date_gmt":"2021-11-02T12:16:53","guid":{"rendered":"https:\/\/blogdorogeriogomes.com.br\/?p=23271"},"modified":"2021-11-03T08:06:29","modified_gmt":"2021-11-03T08:06:29","slug":"especialistas-apontam-que-portaria-do-governo-federal-que-proibe-demissao-por-nao-tomar-vacina-contra-a-covid-19-e-inconstitucional","status":"publish","type":"post","link":"https:\/\/blogdorogeriogomes.com.br\/noticias\/2021\/11\/especialistas-apontam-que-portaria-do-governo-federal-que-proibe-demissao-por-nao-tomar-vacina-contra-a-covid-19-e-inconstitucional\/","title":{"rendered":"Especialistas apontam que portaria do Governo Federal que pro\u00edbe demiss\u00e3o por n\u00e3o tomar vacina contra a Covid-19 \u00e9 inconstitucional"},"content":{"rendered":"\n<p>Sob o pretexto de garantir a &#8220;liberdade individual&#8221; diante de mais de 606 mil mortos por Covid-19 no Brasil, o Governo Federal baixou uma portaria tentando proibir o Poder P\u00fablico e a iniciativa privada de demitirem funcion\u00e1rios que se recusam a tomar a vacina contra o coronav\u00edrus. A portaria \u00e9 assinada pelo Ministro do Trabalho, Onyx Lorenzoni (foto). Na pr\u00e1tica, o ministro reconhece o direito dos sem-vacina de infectar livremente os companheiros de trabalho vacinados no local do emprego.<\/p>\n\n\n\n<p>No entanto, a portaria fere o entendimento do pr\u00f3prio Tribunal Superior do Trabalho (TST), que destaca a necessidade de exig\u00eancia de atestado de vacina\u00e7\u00e3o para a contrata\u00e7\u00e3o. A Justi\u00e7a do Trabalho j\u00e1 vem reconhecendo em v\u00e1rios estados o direito das empresas de demitir os n\u00e3o vacinados.<\/p>\n\n\n\n<p>O direito da sociedade \u00e0 sa\u00fade prevalece sobre o direito individual do cidad\u00e3o de recusar a vacina. Ou seja, negacionistas da Ci\u00eancia n\u00e3o v\u00e3o levar a melhor nessa.<\/p>\n\n\n\n<figure class=\"wp-block-image size-large\"><img loading=\"lazy\" decoding=\"async\" width=\"679\" height=\"452\" src=\"https:\/\/blogdorogeriogomes.com.br\/wp-content\/uploads\/2021\/11\/images-3.jpeg\" alt=\"\" class=\"wp-image-23272\" srcset=\"https:\/\/blogdorogeriogomes.com.br\/noticias\/wp-content\/uploads\/2021\/11\/images-3.jpeg 679w, https:\/\/blogdorogeriogomes.com.br\/noticias\/wp-content\/uploads\/2021\/11\/images-3-300x200.jpeg 300w\" sizes=\"auto, (max-width: 679px) 100vw, 679px\" \/><\/figure>\n\n\n\n<p><br><\/p>\n\n\n\n<p><br><\/p>\n\n\n\n<p><\/p>\n","protected":false},"excerpt":{"rendered":"<p>Sob o pretexto de garantir a &#8220;liberdade individual&#8221; diante de mais de 606 mil mortos por Covid-19 no Brasil, o Governo Federal baixou uma portaria tentando proibir o Poder P\u00fablico e a iniciativa privada de demitirem funcion\u00e1rios que se recusam a tomar a vacina contra o coronav\u00edrus. A portaria \u00e9 assinada pelo Ministro do Trabalho, Onyx Lorenzoni (foto). Na pr\u00e1tica, o ministro reconhece o direito dos sem-vacina de infectar livremente os companheiros de trabalho vacinados no local do emprego.&hellip;<\/p>\n","protected":false},"author":1,"featured_media":23272,"comment_status":"open","ping_status":"open","sticky":false,"template":"","format":"standard","meta":{"footnotes":""},"categories":[1],"tags":[],"class_list":["post-23271","post","type-post","status-publish","format-standard","has-post-thumbnail","hentry","category-noticias"],"_links":{"self":[{"href":"https:\/\/blogdorogeriogomes.com.br\/noticias\/wp-json\/wp\/v2\/posts\/23271","targetHints":{"allow":["GET"]}}],"collection":[{"href":"https:\/\/blogdorogeriogomes.com.br\/noticias\/wp-json\/wp\/v2\/posts"}],"about":[{"href":"https:\/\/blogdorogeriogomes.com.br\/noticias\/wp-json\/wp\/v2\/types\/post"}],"author":[{"embeddable":true,"href":"https:\/\/blogdorogeriogomes.com.br\/noticias\/wp-json\/wp\/v2\/users\/1"}],"replies":[{"embeddable":true,"href":"https:\/\/blogdorogeriogomes.com.br\/noticias\/wp-json\/wp\/v2\/comments?post=23271"}],"version-history":[{"count":1,"href":"https:\/\/blogdorogeriogomes.com.br\/noticias\/wp-json\/wp\/v2\/posts\/23271\/revisions"}],"predecessor-version":[{"id":23273,"href":"https:\/\/blogdorogeriogomes.com.br\/noticias\/wp-json\/wp\/v2\/posts\/23271\/revisions\/23273"}],"wp:featuredmedia":[{"embeddable":true,"href":"https:\/\/blogdorogeriogomes.com.br\/noticias\/wp-json\/wp\/v2\/media\/23272"}],"wp:attachment":[{"href":"https:\/\/blogdorogeriogomes.com.br\/noticias\/wp-json\/wp\/v2\/media?parent=23271"}],"wp:term":[{"taxonomy":"category","embeddable":true,"href":"https:\/\/blogdorogeriogomes.com.br\/noticias\/wp-json\/wp\/v2\/categories?post=23271"},{"taxonomy":"post_tag","embeddable":true,"href":"https:\/\/blogdorogeriogomes.com.br\/noticias\/wp-json\/wp\/v2\/tags?post=23271"}],"curies":[{"name":"wp","href":"https:\/\/api.w.org\/{rel}","templated":true}]}}