{"id":23274,"date":"2021-11-03T10:38:33","date_gmt":"2021-11-03T10:38:33","guid":{"rendered":"https:\/\/blogdorogeriogomes.com.br\/?p=23274"},"modified":"2021-11-05T08:32:40","modified_gmt":"2021-11-05T08:32:40","slug":"planalto-tenta-convencer-deputados-federais-a-votarem-a-pec-dos-precatorios-nesta-quarta-feira","status":"publish","type":"post","link":"https:\/\/blogdorogeriogomes.com.br\/noticias\/2021\/11\/planalto-tenta-convencer-deputados-federais-a-votarem-a-pec-dos-precatorios-nesta-quarta-feira\/","title":{"rendered":"Planalto tenta convencer deputados federais a votarem a PEC dos Precat\u00f3rios nesta quarta-feira"},"content":{"rendered":"\n<p>A vota\u00e7\u00e3o da PEC dos precat\u00f3rios pode acontecer nesta quarta-feira, dia 3 de novembro, na C\u00e2mara dos Deputados. Pelo menos \u00e9 o que deseja a base governista. Se aprovada, a PEC dos Precat\u00f3rios autoriza o Governo Federal a gastar mais em 2022, que \u00e9 ano de elei\u00e7\u00f5es, e viabiliza o Aux\u00edlio Brasil, que \u00e9 o novo programa social criado pelo presidente Jair Bolsonaro em substitui\u00e7\u00e3o ao Bolsa Fam\u00edlia. <\/p>\n\n\n\n<p>A aprova\u00e7\u00e3o da PEC dos Precat\u00f3rios, no entanto, virou queda de bra\u00e7o entre o Pal\u00e1cio do Planalto e os deputados na C\u00e2mara Federal. Enquanto deputados da base e de partidos independentes pedem a libera\u00e7\u00e3o de mais recursos para votarem a favor da proposta, aliados do presidente Jair Bolsonaro passaram a amea\u00e7ar cortar at\u00e9 mesmo as emendas impositivas, que s\u00e3o aquelas que obrigatoriamente precisam ser pagas pelo governo, de quem n\u00e3o apoiar a PEC, que deve voltar \u00e0 pauta da C\u00e2mara nesta quarta-feira. <\/p>\n\n\n\n<p>No fundo, o chamado Centr\u00e3o cobra mais uma fatia no bolo para bancar a farra eleitoral de Bolsonaro para 2022.<\/p>\n\n\n\n<figure class=\"wp-block-image size-large\"><img loading=\"lazy\" decoding=\"async\" width=\"745\" height=\"411\" src=\"https:\/\/blogdorogeriogomes.com.br\/wp-content\/uploads\/2021\/11\/images-4.jpeg\" alt=\"\" class=\"wp-image-23275\" srcset=\"https:\/\/blogdorogeriogomes.com.br\/noticias\/wp-content\/uploads\/2021\/11\/images-4.jpeg 745w, https:\/\/blogdorogeriogomes.com.br\/noticias\/wp-content\/uploads\/2021\/11\/images-4-300x166.jpeg 300w\" sizes=\"auto, (max-width: 745px) 100vw, 745px\" \/><\/figure>\n","protected":false},"excerpt":{"rendered":"<p>A vota\u00e7\u00e3o da PEC dos precat\u00f3rios pode acontecer nesta quarta-feira, dia 3 de novembro, na C\u00e2mara dos Deputados. Pelo menos \u00e9 o que deseja a base governista. Se aprovada, a PEC dos Precat\u00f3rios autoriza o Governo Federal a gastar mais em 2022, que \u00e9 ano de elei\u00e7\u00f5es, e viabiliza o Aux\u00edlio Brasil, que \u00e9 o novo programa social criado pelo presidente Jair Bolsonaro em substitui\u00e7\u00e3o ao Bolsa Fam\u00edlia. A aprova\u00e7\u00e3o da PEC dos Precat\u00f3rios, no entanto, virou queda de&hellip;<\/p>\n","protected":false},"author":1,"featured_media":23275,"comment_status":"open","ping_status":"open","sticky":false,"template":"","format":"standard","meta":{"footnotes":""},"categories":[1],"tags":[],"class_list":["post-23274","post","type-post","status-publish","format-standard","has-post-thumbnail","hentry","category-noticias"],"_links":{"self":[{"href":"https:\/\/blogdorogeriogomes.com.br\/noticias\/wp-json\/wp\/v2\/posts\/23274","targetHints":{"allow":["GET"]}}],"collection":[{"href":"https:\/\/blogdorogeriogomes.com.br\/noticias\/wp-json\/wp\/v2\/posts"}],"about":[{"href":"https:\/\/blogdorogeriogomes.com.br\/noticias\/wp-json\/wp\/v2\/types\/post"}],"author":[{"embeddable":true,"href":"https:\/\/blogdorogeriogomes.com.br\/noticias\/wp-json\/wp\/v2\/users\/1"}],"replies":[{"embeddable":true,"href":"https:\/\/blogdorogeriogomes.com.br\/noticias\/wp-json\/wp\/v2\/comments?post=23274"}],"version-history":[{"count":1,"href":"https:\/\/blogdorogeriogomes.com.br\/noticias\/wp-json\/wp\/v2\/posts\/23274\/revisions"}],"predecessor-version":[{"id":23276,"href":"https:\/\/blogdorogeriogomes.com.br\/noticias\/wp-json\/wp\/v2\/posts\/23274\/revisions\/23276"}],"wp:featuredmedia":[{"embeddable":true,"href":"https:\/\/blogdorogeriogomes.com.br\/noticias\/wp-json\/wp\/v2\/media\/23275"}],"wp:attachment":[{"href":"https:\/\/blogdorogeriogomes.com.br\/noticias\/wp-json\/wp\/v2\/media?parent=23274"}],"wp:term":[{"taxonomy":"category","embeddable":true,"href":"https:\/\/blogdorogeriogomes.com.br\/noticias\/wp-json\/wp\/v2\/categories?post=23274"},{"taxonomy":"post_tag","embeddable":true,"href":"https:\/\/blogdorogeriogomes.com.br\/noticias\/wp-json\/wp\/v2\/tags?post=23274"}],"curies":[{"name":"wp","href":"https:\/\/api.w.org\/{rel}","templated":true}]}}