{"id":23277,"date":"2021-11-03T11:03:09","date_gmt":"2021-11-03T11:03:09","guid":{"rendered":"https:\/\/blogdorogeriogomes.com.br\/?p=23277"},"modified":"2021-11-05T08:32:23","modified_gmt":"2021-11-05T08:32:23","slug":"camilo-santana-retorna-ao-ceara-e-anuncia-a-chegada-de-mais-310-mil-doses-da-pfizer-numero-de-mortes-por-covid-19-no-ceara-caiu-85-em-outubro","status":"publish","type":"post","link":"https:\/\/blogdorogeriogomes.com.br\/noticias\/2021\/11\/camilo-santana-retorna-ao-ceara-e-anuncia-a-chegada-de-mais-310-mil-doses-da-pfizer-numero-de-mortes-por-covid-19-no-ceara-caiu-85-em-outubro\/","title":{"rendered":"Camilo Santana retorna ao Cear\u00e1 e anuncia a chegada de mais 310 mil doses da Pfizer. N\u00famero de mortes por Covid-19 no Cear\u00e1 caiu 85% em outubro"},"content":{"rendered":"\n<p>Ap\u00f3s viagem de uma semana ao Exterior para o fechamento de parcerias na \u00e1rea de produ\u00e7\u00e3o do hidrog\u00eanio verde, o governador do Cear\u00e1, Camilo Santana, est\u00e1 de volta ao Estado. E na manh\u00e3 desta quarta-feira, dia 3 de novembro, j\u00e1 anunciou a chegada de mais um lote de 310 mil e 50 doses da vacina Pfizer. Logo que imunizantes desembarcarem em Fortaleza, ser\u00e3o distribu\u00eddos para postos de sa\u00fade da Capital e do interior.<\/p>\n\n\n\n<p>Em Fortaleza, 82% das pessoas que se cadastraram no Sa\u00fade Digital j\u00e1 completaram o esquema vacinal contra a Covid-19. Que fez o cadastro h\u00e1 mais 24 horas no aplicativo j\u00e1 pode receber a primeira dose da vacina sem necessidade de agendamento.<\/p>\n\n\n\n<p>O n\u00famero de mortes por Covid-19 confirmadas em outubro deste ano \u00e9 85% menor em rela\u00e7\u00e3o ao mesmo m\u00eas de 2020, de acordo com dados do IntegraSUS, plataforma da Secret\u00e1ria de Sa\u00fade do Cear\u00e1 (Sesa). Em rela\u00e7\u00e3o a setembro deste ano, a marca de outubro de 2021 tamb\u00e9m apresentou uma queda, passando de 93 para 52 registros.&nbsp;<\/p>\n\n\n\n<figure class=\"wp-block-image size-large\"><img loading=\"lazy\" decoding=\"async\" width=\"719\" height=\"427\" src=\"https:\/\/blogdorogeriogomes.com.br\/wp-content\/uploads\/2021\/11\/images-5.jpeg\" alt=\"\" class=\"wp-image-23278\" srcset=\"https:\/\/blogdorogeriogomes.com.br\/noticias\/wp-content\/uploads\/2021\/11\/images-5.jpeg 719w, https:\/\/blogdorogeriogomes.com.br\/noticias\/wp-content\/uploads\/2021\/11\/images-5-300x178.jpeg 300w\" sizes=\"auto, (max-width: 719px) 100vw, 719px\" \/><\/figure>\n","protected":false},"excerpt":{"rendered":"<p>Ap\u00f3s viagem de uma semana ao Exterior para o fechamento de parcerias na \u00e1rea de produ\u00e7\u00e3o do hidrog\u00eanio verde, o governador do Cear\u00e1, Camilo Santana, est\u00e1 de volta ao Estado. E na manh\u00e3 desta quarta-feira, dia 3 de novembro, j\u00e1 anunciou a chegada de mais um lote de 310 mil e 50 doses da vacina Pfizer. Logo que imunizantes desembarcarem em Fortaleza, ser\u00e3o distribu\u00eddos para postos de sa\u00fade da Capital e do interior. Em Fortaleza, 82% das pessoas que&hellip;<\/p>\n","protected":false},"author":1,"featured_media":23278,"comment_status":"open","ping_status":"open","sticky":false,"template":"","format":"standard","meta":{"footnotes":""},"categories":[1],"tags":[],"class_list":["post-23277","post","type-post","status-publish","format-standard","has-post-thumbnail","hentry","category-noticias"],"_links":{"self":[{"href":"https:\/\/blogdorogeriogomes.com.br\/noticias\/wp-json\/wp\/v2\/posts\/23277","targetHints":{"allow":["GET"]}}],"collection":[{"href":"https:\/\/blogdorogeriogomes.com.br\/noticias\/wp-json\/wp\/v2\/posts"}],"about":[{"href":"https:\/\/blogdorogeriogomes.com.br\/noticias\/wp-json\/wp\/v2\/types\/post"}],"author":[{"embeddable":true,"href":"https:\/\/blogdorogeriogomes.com.br\/noticias\/wp-json\/wp\/v2\/users\/1"}],"replies":[{"embeddable":true,"href":"https:\/\/blogdorogeriogomes.com.br\/noticias\/wp-json\/wp\/v2\/comments?post=23277"}],"version-history":[{"count":2,"href":"https:\/\/blogdorogeriogomes.com.br\/noticias\/wp-json\/wp\/v2\/posts\/23277\/revisions"}],"predecessor-version":[{"id":23309,"href":"https:\/\/blogdorogeriogomes.com.br\/noticias\/wp-json\/wp\/v2\/posts\/23277\/revisions\/23309"}],"wp:featuredmedia":[{"embeddable":true,"href":"https:\/\/blogdorogeriogomes.com.br\/noticias\/wp-json\/wp\/v2\/media\/23278"}],"wp:attachment":[{"href":"https:\/\/blogdorogeriogomes.com.br\/noticias\/wp-json\/wp\/v2\/media?parent=23277"}],"wp:term":[{"taxonomy":"category","embeddable":true,"href":"https:\/\/blogdorogeriogomes.com.br\/noticias\/wp-json\/wp\/v2\/categories?post=23277"},{"taxonomy":"post_tag","embeddable":true,"href":"https:\/\/blogdorogeriogomes.com.br\/noticias\/wp-json\/wp\/v2\/tags?post=23277"}],"curies":[{"name":"wp","href":"https:\/\/api.w.org\/{rel}","templated":true}]}}