{"id":23280,"date":"2021-11-03T22:47:05","date_gmt":"2021-11-03T22:47:05","guid":{"rendered":"https:\/\/blogdorogeriogomes.com.br\/?p=23280"},"modified":"2021-11-05T08:32:02","modified_gmt":"2021-11-05T08:32:02","slug":"chiquinho-feitosa-e-empossado-no-senado-com-presenca-forte-de-aliados-empresario-quer-comandar-uniao-brasil-no-ceara","status":"publish","type":"post","link":"https:\/\/blogdorogeriogomes.com.br\/noticias\/2021\/11\/chiquinho-feitosa-e-empossado-no-senado-com-presenca-forte-de-aliados-empresario-quer-comandar-uniao-brasil-no-ceara\/","title":{"rendered":"Chiquinho Feitosa \u00e9 empossado no Senado com presen\u00e7a forte de aliados. Empres\u00e1rio quer comandar Uni\u00e3o Brasil no Cear\u00e1"},"content":{"rendered":"\n<p>O empres\u00e1rio Chiquinho Feitosa (DEM)  foi empossado nesta quarta-feira, dia 3 de novembro, no Senado Federal por causa da licen\u00e7a por quatro meses do senador Tasso Jereissati (PSDB). Chiquinho mostrou prest\u00edgio pol\u00edtico com uma forte presen\u00e7a de aliados na solenidade de posse. Estiveram presentes o governador Camilo Santana (PT), o senador Cid Gomes, o prefeito de Fortaleza, Jos\u00e9 Sarto (PDT),&nbsp;o&nbsp;ex-prefeito de Fortaleza, Roberto Cl\u00e1udio (PDT),&nbsp;o presidente da Assembleia Legislativa do Cear\u00e1, Evandro Leit\u00e3o, e Ant\u00f4nio Henrique (PDT), presidente da C\u00e2mara Municipal de Fortaleza.<\/p>\n\n\n\n<p>Com a posse no Senado, Chiquinho Feitosa se fortalece ainda mais para buscar o comando estadual do novo partido Uni\u00e3o Brasil, fruto da fus\u00e3o entre PSL e DEM. O deputado federal Capit\u00e3o Wagner tamb\u00e9m se articula para ser o presidente estadual do Uni\u00e3o Brasil no Cear\u00e1.<\/p>\n\n\n\n<figure class=\"wp-block-image size-large\"><img loading=\"lazy\" decoding=\"async\" width=\"1024\" height=\"768\" src=\"https:\/\/blogdorogeriogomes.com.br\/wp-content\/uploads\/2021\/11\/IMG-20211103-WA0110-1024x768.jpg\" alt=\"\" class=\"wp-image-23281\" srcset=\"https:\/\/blogdorogeriogomes.com.br\/noticias\/wp-content\/uploads\/2021\/11\/IMG-20211103-WA0110-1024x768.jpg 1024w, https:\/\/blogdorogeriogomes.com.br\/noticias\/wp-content\/uploads\/2021\/11\/IMG-20211103-WA0110-300x225.jpg 300w, https:\/\/blogdorogeriogomes.com.br\/noticias\/wp-content\/uploads\/2021\/11\/IMG-20211103-WA0110-768x576.jpg 768w, https:\/\/blogdorogeriogomes.com.br\/noticias\/wp-content\/uploads\/2021\/11\/IMG-20211103-WA0110-800x600.jpg 800w, https:\/\/blogdorogeriogomes.com.br\/noticias\/wp-content\/uploads\/2021\/11\/IMG-20211103-WA0110-400x300.jpg 400w, https:\/\/blogdorogeriogomes.com.br\/noticias\/wp-content\/uploads\/2021\/11\/IMG-20211103-WA0110.jpg 1280w\" sizes=\"auto, (max-width: 1024px) 100vw, 1024px\" \/><\/figure>\n","protected":false},"excerpt":{"rendered":"<p>O empres\u00e1rio Chiquinho Feitosa (DEM) foi empossado nesta quarta-feira, dia 3 de novembro, no Senado Federal por causa da licen\u00e7a por quatro meses do senador Tasso Jereissati (PSDB). Chiquinho mostrou prest\u00edgio pol\u00edtico com uma forte presen\u00e7a de aliados na solenidade de posse. Estiveram presentes o governador Camilo Santana (PT), o senador Cid Gomes, o prefeito de Fortaleza, Jos\u00e9 Sarto (PDT),&nbsp;o&nbsp;ex-prefeito de Fortaleza, Roberto Cl\u00e1udio (PDT),&nbsp;o presidente da Assembleia Legislativa do Cear\u00e1, Evandro Leit\u00e3o, e Ant\u00f4nio Henrique (PDT), presidente da&hellip;<\/p>\n","protected":false},"author":1,"featured_media":23281,"comment_status":"open","ping_status":"open","sticky":false,"template":"","format":"standard","meta":{"footnotes":""},"categories":[1],"tags":[],"class_list":["post-23280","post","type-post","status-publish","format-standard","has-post-thumbnail","hentry","category-noticias"],"_links":{"self":[{"href":"https:\/\/blogdorogeriogomes.com.br\/noticias\/wp-json\/wp\/v2\/posts\/23280","targetHints":{"allow":["GET"]}}],"collection":[{"href":"https:\/\/blogdorogeriogomes.com.br\/noticias\/wp-json\/wp\/v2\/posts"}],"about":[{"href":"https:\/\/blogdorogeriogomes.com.br\/noticias\/wp-json\/wp\/v2\/types\/post"}],"author":[{"embeddable":true,"href":"https:\/\/blogdorogeriogomes.com.br\/noticias\/wp-json\/wp\/v2\/users\/1"}],"replies":[{"embeddable":true,"href":"https:\/\/blogdorogeriogomes.com.br\/noticias\/wp-json\/wp\/v2\/comments?post=23280"}],"version-history":[{"count":2,"href":"https:\/\/blogdorogeriogomes.com.br\/noticias\/wp-json\/wp\/v2\/posts\/23280\/revisions"}],"predecessor-version":[{"id":23308,"href":"https:\/\/blogdorogeriogomes.com.br\/noticias\/wp-json\/wp\/v2\/posts\/23280\/revisions\/23308"}],"wp:featuredmedia":[{"embeddable":true,"href":"https:\/\/blogdorogeriogomes.com.br\/noticias\/wp-json\/wp\/v2\/media\/23281"}],"wp:attachment":[{"href":"https:\/\/blogdorogeriogomes.com.br\/noticias\/wp-json\/wp\/v2\/media?parent=23280"}],"wp:term":[{"taxonomy":"category","embeddable":true,"href":"https:\/\/blogdorogeriogomes.com.br\/noticias\/wp-json\/wp\/v2\/categories?post=23280"},{"taxonomy":"post_tag","embeddable":true,"href":"https:\/\/blogdorogeriogomes.com.br\/noticias\/wp-json\/wp\/v2\/tags?post=23280"}],"curies":[{"name":"wp","href":"https:\/\/api.w.org\/{rel}","templated":true}]}}