{"id":23287,"date":"2021-11-04T10:35:20","date_gmt":"2021-11-04T10:35:20","guid":{"rendered":"https:\/\/blogdorogeriogomes.com.br\/?p=23287"},"modified":"2021-11-05T08:31:03","modified_gmt":"2021-11-05T08:31:03","slug":"camara-dos-deputados-aprova-em-primeiro-turno-a-pec-dos-precatorios-com-margem-de-quatro-votos","status":"publish","type":"post","link":"https:\/\/blogdorogeriogomes.com.br\/noticias\/2021\/11\/camara-dos-deputados-aprova-em-primeiro-turno-a-pec-dos-precatorios-com-margem-de-quatro-votos\/","title":{"rendered":"C\u00e2mara dos Deputados aprova em primeiro turno a PEC dos Precat\u00f3rios com margem de quatro votos"},"content":{"rendered":"\n<p>A C\u00e2mara dos Deputados aprovou por 312 a 144 votos, na madrugada desta quinta-feira, dia 4 de novembro, em primeiro turno, o texto-base da Proposta de Emenda \u00e0 Constitui\u00e7\u00e3o (PEC) dos Precat\u00f3rios. A proposta recebeu somente quatro votos a mais que os necess\u00e1rios (308) para aprova\u00e7\u00e3o de uma emenda \u00e0 Constitui\u00e7\u00e3o.<\/p>\n\n\n\n<p>A PEC \u00e9 a principal aposta do governo para&nbsp;viabilizar o programa Aux\u00edlio Brasil, anunciado pelo Governo Federal para substituir o Bolsa Fam\u00edlia. A PEC dos Precat\u00f3rios, que s\u00e3o d\u00edvidas do governo j\u00e1 reconhecidas pela Justi\u00e7a, tem o objetivo de viabilizar a concess\u00e3o de pelo menos R$ 400 mensais aos benefici\u00e1rios do novo programa no ano eleitoral de 2022.<\/p>\n\n\n\n<p>Segundo o presidente da C\u00e2mara, Arthur Lira, principal articulador da proposta, a aprova\u00e7\u00e3o em primeiro turno s\u00f3 aconteceu devido ao apoio de 25 deputados federais do PDT e PSB. Se aprovado em segundo turno, o texto seguir\u00e1 para o Senado.<\/p>\n\n\n\n<figure class=\"wp-block-image size-large\"><img loading=\"lazy\" decoding=\"async\" width=\"800\" height=\"478\" src=\"https:\/\/blogdorogeriogomes.com.br\/wp-content\/uploads\/2021\/11\/img20210303172211264-9268746.jpg\" alt=\"\" class=\"wp-image-23288\" srcset=\"https:\/\/blogdorogeriogomes.com.br\/noticias\/wp-content\/uploads\/2021\/11\/img20210303172211264-9268746.jpg 800w, https:\/\/blogdorogeriogomes.com.br\/noticias\/wp-content\/uploads\/2021\/11\/img20210303172211264-9268746-300x179.jpg 300w, https:\/\/blogdorogeriogomes.com.br\/noticias\/wp-content\/uploads\/2021\/11\/img20210303172211264-9268746-768x459.jpg 768w\" sizes=\"auto, (max-width: 800px) 100vw, 800px\" \/><\/figure>\n","protected":false},"excerpt":{"rendered":"<p>A C\u00e2mara dos Deputados aprovou por 312 a 144 votos, na madrugada desta quinta-feira, dia 4 de novembro, em primeiro turno, o texto-base da Proposta de Emenda \u00e0 Constitui\u00e7\u00e3o (PEC) dos Precat\u00f3rios. A proposta recebeu somente quatro votos a mais que os necess\u00e1rios (308) para aprova\u00e7\u00e3o de uma emenda \u00e0 Constitui\u00e7\u00e3o. A PEC \u00e9 a principal aposta do governo para&nbsp;viabilizar o programa Aux\u00edlio Brasil, anunciado pelo Governo Federal para substituir o Bolsa Fam\u00edlia. A PEC dos Precat\u00f3rios, que s\u00e3o&hellip;<\/p>\n","protected":false},"author":1,"featured_media":23288,"comment_status":"open","ping_status":"open","sticky":false,"template":"","format":"standard","meta":{"footnotes":""},"categories":[1],"tags":[],"class_list":["post-23287","post","type-post","status-publish","format-standard","has-post-thumbnail","hentry","category-noticias"],"_links":{"self":[{"href":"https:\/\/blogdorogeriogomes.com.br\/noticias\/wp-json\/wp\/v2\/posts\/23287","targetHints":{"allow":["GET"]}}],"collection":[{"href":"https:\/\/blogdorogeriogomes.com.br\/noticias\/wp-json\/wp\/v2\/posts"}],"about":[{"href":"https:\/\/blogdorogeriogomes.com.br\/noticias\/wp-json\/wp\/v2\/types\/post"}],"author":[{"embeddable":true,"href":"https:\/\/blogdorogeriogomes.com.br\/noticias\/wp-json\/wp\/v2\/users\/1"}],"replies":[{"embeddable":true,"href":"https:\/\/blogdorogeriogomes.com.br\/noticias\/wp-json\/wp\/v2\/comments?post=23287"}],"version-history":[{"count":2,"href":"https:\/\/blogdorogeriogomes.com.br\/noticias\/wp-json\/wp\/v2\/posts\/23287\/revisions"}],"predecessor-version":[{"id":23307,"href":"https:\/\/blogdorogeriogomes.com.br\/noticias\/wp-json\/wp\/v2\/posts\/23287\/revisions\/23307"}],"wp:featuredmedia":[{"embeddable":true,"href":"https:\/\/blogdorogeriogomes.com.br\/noticias\/wp-json\/wp\/v2\/media\/23288"}],"wp:attachment":[{"href":"https:\/\/blogdorogeriogomes.com.br\/noticias\/wp-json\/wp\/v2\/media?parent=23287"}],"wp:term":[{"taxonomy":"category","embeddable":true,"href":"https:\/\/blogdorogeriogomes.com.br\/noticias\/wp-json\/wp\/v2\/categories?post=23287"},{"taxonomy":"post_tag","embeddable":true,"href":"https:\/\/blogdorogeriogomes.com.br\/noticias\/wp-json\/wp\/v2\/tags?post=23287"}],"curies":[{"name":"wp","href":"https:\/\/api.w.org\/{rel}","templated":true}]}}