{"id":23293,"date":"2021-11-04T11:40:20","date_gmt":"2021-11-04T11:40:20","guid":{"rendered":"https:\/\/blogdorogeriogomes.com.br\/?p=23293"},"modified":"2021-11-05T08:30:17","modified_gmt":"2021-11-05T08:30:17","slug":"ciro-gomes-reage-ao-voto-de-parte-da-bancada-do-pdt-a-favor-da-pec-dos-precatorios","status":"publish","type":"post","link":"https:\/\/blogdorogeriogomes.com.br\/noticias\/2021\/11\/ciro-gomes-reage-ao-voto-de-parte-da-bancada-do-pdt-a-favor-da-pec-dos-precatorios\/","title":{"rendered":"Ciro Gomes reage ao voto de parte da bancada do PDT \u00e0 favor da PEC dos Precat\u00f3rios"},"content":{"rendered":"\n<p>O presidenciavel Ciro Gomes reagiu de forma negativa ao voto favor\u00e1vel de parte da bancada do PDT \u00e0 PEC dos Precat\u00f3rios, aprovada na madrugada desta quinta-feira, dia 4 de novembro, em primeiro turno na C\u00e2mara dos Deputados, em Bras\u00edlia. &#8220;A mim s\u00f3 me resta um caminho: deixar a minha pr\u00e9-candidatura em suspenso at\u00e9 que a bancada do meu partido reavalie sua posi\u00e7\u00e3o. Temos um instrumento definitivo nas m\u00e3os, que \u00e9 a vota\u00e7\u00e3o em segundo turno, para&nbsp; reverter a decis\u00e3o e voltarmos ao rumo certo. N\u00e3o podemos compactuar com a farsa e os erros bolsonaristas&#8221;, disse Ciro Gomes pelas redes sociais.<\/p>\n\n\n\n<p>O ex-ministro ressaltou ainda que &#8220;justi\u00e7a social e defesa dos mais pobres n\u00e3o podem ser confundidas com corrup\u00e7\u00e3o, clientelismo grosseiro, erros administrativos graves, desvios de verbas, calotes, quebra de contratos e com abalos ao arcabou\u00e7o constitucional&#8221;.<\/p>\n\n\n\n<figure class=\"wp-block-image size-large\"><img loading=\"lazy\" decoding=\"async\" width=\"709\" height=\"432\" src=\"https:\/\/blogdorogeriogomes.com.br\/wp-content\/uploads\/2021\/11\/images-8.jpeg\" alt=\"\" class=\"wp-image-23294\" srcset=\"https:\/\/blogdorogeriogomes.com.br\/noticias\/wp-content\/uploads\/2021\/11\/images-8.jpeg 709w, https:\/\/blogdorogeriogomes.com.br\/noticias\/wp-content\/uploads\/2021\/11\/images-8-300x183.jpeg 300w\" sizes=\"auto, (max-width: 709px) 100vw, 709px\" \/><\/figure>\n","protected":false},"excerpt":{"rendered":"<p>O presidenciavel Ciro Gomes reagiu de forma negativa ao voto favor\u00e1vel de parte da bancada do PDT \u00e0 PEC dos Precat\u00f3rios, aprovada na madrugada desta quinta-feira, dia 4 de novembro, em primeiro turno na C\u00e2mara dos Deputados, em Bras\u00edlia. &#8220;A mim s\u00f3 me resta um caminho: deixar a minha pr\u00e9-candidatura em suspenso at\u00e9 que a bancada do meu partido reavalie sua posi\u00e7\u00e3o. Temos um instrumento definitivo nas m\u00e3os, que \u00e9 a vota\u00e7\u00e3o em segundo turno, para&nbsp; reverter a decis\u00e3o&hellip;<\/p>\n","protected":false},"author":1,"featured_media":23294,"comment_status":"open","ping_status":"open","sticky":false,"template":"","format":"standard","meta":{"footnotes":""},"categories":[1],"tags":[],"class_list":["post-23293","post","type-post","status-publish","format-standard","has-post-thumbnail","hentry","category-noticias"],"_links":{"self":[{"href":"https:\/\/blogdorogeriogomes.com.br\/noticias\/wp-json\/wp\/v2\/posts\/23293","targetHints":{"allow":["GET"]}}],"collection":[{"href":"https:\/\/blogdorogeriogomes.com.br\/noticias\/wp-json\/wp\/v2\/posts"}],"about":[{"href":"https:\/\/blogdorogeriogomes.com.br\/noticias\/wp-json\/wp\/v2\/types\/post"}],"author":[{"embeddable":true,"href":"https:\/\/blogdorogeriogomes.com.br\/noticias\/wp-json\/wp\/v2\/users\/1"}],"replies":[{"embeddable":true,"href":"https:\/\/blogdorogeriogomes.com.br\/noticias\/wp-json\/wp\/v2\/comments?post=23293"}],"version-history":[{"count":2,"href":"https:\/\/blogdorogeriogomes.com.br\/noticias\/wp-json\/wp\/v2\/posts\/23293\/revisions"}],"predecessor-version":[{"id":23306,"href":"https:\/\/blogdorogeriogomes.com.br\/noticias\/wp-json\/wp\/v2\/posts\/23293\/revisions\/23306"}],"wp:featuredmedia":[{"embeddable":true,"href":"https:\/\/blogdorogeriogomes.com.br\/noticias\/wp-json\/wp\/v2\/media\/23294"}],"wp:attachment":[{"href":"https:\/\/blogdorogeriogomes.com.br\/noticias\/wp-json\/wp\/v2\/media?parent=23293"}],"wp:term":[{"taxonomy":"category","embeddable":true,"href":"https:\/\/blogdorogeriogomes.com.br\/noticias\/wp-json\/wp\/v2\/categories?post=23293"},{"taxonomy":"post_tag","embeddable":true,"href":"https:\/\/blogdorogeriogomes.com.br\/noticias\/wp-json\/wp\/v2\/tags?post=23293"}],"curies":[{"name":"wp","href":"https:\/\/api.w.org\/{rel}","templated":true}]}}