{"id":23296,"date":"2021-11-04T19:34:42","date_gmt":"2021-11-04T19:34:42","guid":{"rendered":"https:\/\/blogdorogeriogomes.com.br\/?p=23296"},"modified":"2021-11-05T08:29:53","modified_gmt":"2021-11-05T08:29:53","slug":"brisanet-ganha-lote-no-leilao-do-5g-e-passa-a-ter-o-direito-de-explorar-banda-larga-e-telefonia-movel-em-todo-o-nordeste","status":"publish","type":"post","link":"https:\/\/blogdorogeriogomes.com.br\/noticias\/2021\/11\/brisanet-ganha-lote-no-leilao-do-5g-e-passa-a-ter-o-direito-de-explorar-banda-larga-e-telefonia-movel-em-todo-o-nordeste\/","title":{"rendered":"Brisanet ganha lote no leil\u00e3o do 5G e passa a ter o direito de explorar banda larga e telefonia m\u00f3vel em todo o Nordeste"},"content":{"rendered":"\n<p>A empresa cearense Brisanet se deu bem no leil\u00e3o de banda larga 5G&nbsp;para presta\u00e7\u00e3o de servi\u00e7os em todo Nordeste. A empresa deu um lance de R$ 1,25 bilh\u00e3o de reais e ganhou o direito de expandir a rede de banda larga e tamb\u00e9m come\u00e7ar a oferecer servi\u00e7os de telefonia m\u00f3vel em todos os nove estados do Nordeste.&nbsp;A previs\u00e3o \u00e9 que o 5G comece a ser ofertado at\u00e9 julho de 2022, inicialmente nas capitais.<\/p>\n\n\n\n<p>As operadoras Claro, Vivo e TIM arremataram os tr\u00eas lotes na faixa de 3,5 GHz considerada a principal do leil\u00e3o do 5G realizado pela Ag\u00eancia Nacional de Telecomunica\u00e7\u00f5es (Anatel).<\/p>\n\n\n\n<p>A primeira frequ\u00eancia leiloada foi a de 700 MHz e ficou com a Winity II Telecom Ltda. Com isso, o Brasil contar\u00e1 com uma nova operadora de telefonia m\u00f3vel com autoriza\u00e7\u00e3o para oferecer o servi\u00e7o em todo o pa\u00eds.<\/p>\n\n\n\n<figure class=\"wp-block-image size-large\"><img loading=\"lazy\" decoding=\"async\" width=\"818\" height=\"459\" src=\"https:\/\/blogdorogeriogomes.com.br\/wp-content\/uploads\/2021\/11\/1_1_brisanet_1_15968048-17252447.jpg\" alt=\"\" class=\"wp-image-23297\" srcset=\"https:\/\/blogdorogeriogomes.com.br\/noticias\/wp-content\/uploads\/2021\/11\/1_1_brisanet_1_15968048-17252447.jpg 818w, https:\/\/blogdorogeriogomes.com.br\/noticias\/wp-content\/uploads\/2021\/11\/1_1_brisanet_1_15968048-17252447-300x168.jpg 300w, https:\/\/blogdorogeriogomes.com.br\/noticias\/wp-content\/uploads\/2021\/11\/1_1_brisanet_1_15968048-17252447-768x431.jpg 768w, https:\/\/blogdorogeriogomes.com.br\/noticias\/wp-content\/uploads\/2021\/11\/1_1_brisanet_1_15968048-17252447-800x449.jpg 800w\" sizes=\"auto, (max-width: 818px) 100vw, 818px\" \/><\/figure>\n","protected":false},"excerpt":{"rendered":"<p>A empresa cearense Brisanet se deu bem no leil\u00e3o de banda larga 5G&nbsp;para presta\u00e7\u00e3o de servi\u00e7os em todo Nordeste. A empresa deu um lance de R$ 1,25 bilh\u00e3o de reais e ganhou o direito de expandir a rede de banda larga e tamb\u00e9m come\u00e7ar a oferecer servi\u00e7os de telefonia m\u00f3vel em todos os nove estados do Nordeste.&nbsp;A previs\u00e3o \u00e9 que o 5G comece a ser ofertado at\u00e9 julho de 2022, inicialmente nas capitais. As operadoras Claro, Vivo e TIM&hellip;<\/p>\n","protected":false},"author":1,"featured_media":23297,"comment_status":"open","ping_status":"open","sticky":false,"template":"","format":"standard","meta":{"footnotes":""},"categories":[1],"tags":[],"class_list":["post-23296","post","type-post","status-publish","format-standard","has-post-thumbnail","hentry","category-noticias"],"_links":{"self":[{"href":"https:\/\/blogdorogeriogomes.com.br\/noticias\/wp-json\/wp\/v2\/posts\/23296","targetHints":{"allow":["GET"]}}],"collection":[{"href":"https:\/\/blogdorogeriogomes.com.br\/noticias\/wp-json\/wp\/v2\/posts"}],"about":[{"href":"https:\/\/blogdorogeriogomes.com.br\/noticias\/wp-json\/wp\/v2\/types\/post"}],"author":[{"embeddable":true,"href":"https:\/\/blogdorogeriogomes.com.br\/noticias\/wp-json\/wp\/v2\/users\/1"}],"replies":[{"embeddable":true,"href":"https:\/\/blogdorogeriogomes.com.br\/noticias\/wp-json\/wp\/v2\/comments?post=23296"}],"version-history":[{"count":2,"href":"https:\/\/blogdorogeriogomes.com.br\/noticias\/wp-json\/wp\/v2\/posts\/23296\/revisions"}],"predecessor-version":[{"id":23299,"href":"https:\/\/blogdorogeriogomes.com.br\/noticias\/wp-json\/wp\/v2\/posts\/23296\/revisions\/23299"}],"wp:featuredmedia":[{"embeddable":true,"href":"https:\/\/blogdorogeriogomes.com.br\/noticias\/wp-json\/wp\/v2\/media\/23297"}],"wp:attachment":[{"href":"https:\/\/blogdorogeriogomes.com.br\/noticias\/wp-json\/wp\/v2\/media?parent=23296"}],"wp:term":[{"taxonomy":"category","embeddable":true,"href":"https:\/\/blogdorogeriogomes.com.br\/noticias\/wp-json\/wp\/v2\/categories?post=23296"},{"taxonomy":"post_tag","embeddable":true,"href":"https:\/\/blogdorogeriogomes.com.br\/noticias\/wp-json\/wp\/v2\/tags?post=23296"}],"curies":[{"name":"wp","href":"https:\/\/api.w.org\/{rel}","templated":true}]}}