{"id":23300,"date":"2021-11-04T20:56:05","date_gmt":"2021-11-04T20:56:05","guid":{"rendered":"https:\/\/blogdorogeriogomes.com.br\/?p=23300"},"modified":"2021-11-05T08:29:21","modified_gmt":"2021-11-05T08:29:21","slug":"procurador-deltan-dallagnol-deixa-mp-e-segue-o-mesmo-caminho-de-sergio-moro-ao-entrar-na-politica","status":"publish","type":"post","link":"https:\/\/blogdorogeriogomes.com.br\/noticias\/2021\/11\/procurador-deltan-dallagnol-deixa-mp-e-segue-o-mesmo-caminho-de-sergio-moro-ao-entrar-na-politica\/","title":{"rendered":"Procurador Deltan Dallagnol deixa MP e segue o mesmo caminho de Sergio Moro ao entrar na pol\u00edtica"},"content":{"rendered":"\n<p>Depois de Sergio Moro deixar a magistratura para tr\u00e1s e entrar na pol\u00edtica, quando aceitou o Minist\u00e9rio da Justi\u00e7a no Governo Bolsonaro, agora \u00e9 a vez do procurador Deltan Dallagnol, da extinta for\u00e7a-tarefa da Lava Jato, renunciar definitivamente ao seu cargo no Minist\u00e9rio P\u00fablico (MP). O objetivo \u00e9 entrar para a pol\u00edtica e concorrer nas elei\u00e7\u00f5es de 2022 a uma vaga na C\u00e2mara dos Deputados.<\/p>\n\n\n\n<p>Sergio Moro deve se filiar ao Podemos no dia 10 de novembro. N\u00e3o se sabe se pretende concorrer \u00e0 presid\u00eancia da Rep\u00fablica ou ao Senado. Fato \u00e9 que dever\u00e1 enfrentar muitas acusa\u00e7\u00f5es de juiz parcial na campanha, por ter tido suas senten\u00e7as contra o ex-presidente Lula anuladas pelo STF.<\/p>\n\n\n\n<p>Nesta quinta-feira, dia 4 de novembro, Moro ainda teve de ouvir o ex-aliado e ex-chefe Jair Bolsonaro prestar depoimento \u00e0 Pol\u00edcia Federal e acus\u00e1-lo de condicionar a nomea\u00e7\u00e3o de Alexandre Ramagem para a diretoria-geral da PF em troca de uma vaga no Supremo Tribunal Federal. Moro, claro, nega que isso tenha acontecido. <\/p>\n\n\n\n<p>Hoje, bolsonaristas e moristas s\u00e3o inimigos mortais nas redes sociais.<\/p>\n\n\n\n<figure class=\"wp-block-image size-large\"><img loading=\"lazy\" decoding=\"async\" width=\"678\" height=\"452\" src=\"https:\/\/blogdorogeriogomes.com.br\/wp-content\/uploads\/2021\/11\/images-9.jpeg\" alt=\"\" class=\"wp-image-23301\" srcset=\"https:\/\/blogdorogeriogomes.com.br\/noticias\/wp-content\/uploads\/2021\/11\/images-9.jpeg 678w, https:\/\/blogdorogeriogomes.com.br\/noticias\/wp-content\/uploads\/2021\/11\/images-9-300x200.jpeg 300w\" sizes=\"auto, (max-width: 678px) 100vw, 678px\" \/><\/figure>\n","protected":false},"excerpt":{"rendered":"<p>Depois de Sergio Moro deixar a magistratura para tr\u00e1s e entrar na pol\u00edtica, quando aceitou o Minist\u00e9rio da Justi\u00e7a no Governo Bolsonaro, agora \u00e9 a vez do procurador Deltan Dallagnol, da extinta for\u00e7a-tarefa da Lava Jato, renunciar definitivamente ao seu cargo no Minist\u00e9rio P\u00fablico (MP). O objetivo \u00e9 entrar para a pol\u00edtica e concorrer nas elei\u00e7\u00f5es de 2022 a uma vaga na C\u00e2mara dos Deputados. Sergio Moro deve se filiar ao Podemos no dia 10 de novembro. N\u00e3o se&hellip;<\/p>\n","protected":false},"author":1,"featured_media":23301,"comment_status":"open","ping_status":"open","sticky":false,"template":"","format":"standard","meta":{"footnotes":""},"categories":[1],"tags":[],"class_list":["post-23300","post","type-post","status-publish","format-standard","has-post-thumbnail","hentry","category-noticias"],"_links":{"self":[{"href":"https:\/\/blogdorogeriogomes.com.br\/noticias\/wp-json\/wp\/v2\/posts\/23300","targetHints":{"allow":["GET"]}}],"collection":[{"href":"https:\/\/blogdorogeriogomes.com.br\/noticias\/wp-json\/wp\/v2\/posts"}],"about":[{"href":"https:\/\/blogdorogeriogomes.com.br\/noticias\/wp-json\/wp\/v2\/types\/post"}],"author":[{"embeddable":true,"href":"https:\/\/blogdorogeriogomes.com.br\/noticias\/wp-json\/wp\/v2\/users\/1"}],"replies":[{"embeddable":true,"href":"https:\/\/blogdorogeriogomes.com.br\/noticias\/wp-json\/wp\/v2\/comments?post=23300"}],"version-history":[{"count":1,"href":"https:\/\/blogdorogeriogomes.com.br\/noticias\/wp-json\/wp\/v2\/posts\/23300\/revisions"}],"predecessor-version":[{"id":23302,"href":"https:\/\/blogdorogeriogomes.com.br\/noticias\/wp-json\/wp\/v2\/posts\/23300\/revisions\/23302"}],"wp:featuredmedia":[{"embeddable":true,"href":"https:\/\/blogdorogeriogomes.com.br\/noticias\/wp-json\/wp\/v2\/media\/23301"}],"wp:attachment":[{"href":"https:\/\/blogdorogeriogomes.com.br\/noticias\/wp-json\/wp\/v2\/media?parent=23300"}],"wp:term":[{"taxonomy":"category","embeddable":true,"href":"https:\/\/blogdorogeriogomes.com.br\/noticias\/wp-json\/wp\/v2\/categories?post=23300"},{"taxonomy":"post_tag","embeddable":true,"href":"https:\/\/blogdorogeriogomes.com.br\/noticias\/wp-json\/wp\/v2\/tags?post=23300"}],"curies":[{"name":"wp","href":"https:\/\/api.w.org\/{rel}","templated":true}]}}